{"id":5323,"date":"2025-08-28T08:42:09","date_gmt":"2025-08-28T08:42:09","guid":{"rendered":"https:\/\/www.parnes.com\/blog\/?p=5323"},"modified":"2025-08-28T09:52:36","modified_gmt":"2025-08-28T09:52:36","slug":"provar-motessammanfattning-via-chatgpt","status":"publish","type":"post","link":"https:\/\/www.parnes.com\/blog\/index.php\/2025\/08\/28\/provar-motessammanfattning-via-chatgpt\/","title":{"rendered":"Provar m\u00f6tessammanfattning via ChatGPT"},"content":{"rendered":"\n<p>ChatGPT har nyligen f\u00e5tt m\u00f6jligheten att spela in m\u00f6ten och transkribera och sammanfatta dem. Jag gjorde ett prov p\u00e5 <a href=\"https:\/\/www.sverigesradio.se\/avsnitt\/sa-kan-chefer-skapa-en-frisk-arbetsplats\">Vetenskapsradions avsnitt om att skapa en frisk arbetsplats, m\u00e5 bra p\u00e5 jobbet och f\u00e5 \u00e5terh\u00e4mtning<\/a>. Jag spelade in knappt 6 minuter av programmet &#8220;live&#8221; f\u00f6r att simulera ett m\u00f6te. Nedan hittar ni sammanfattningen och under det \u00e4ven en ren transkribering.<\/p>\n\n\n\n<p>Det hela fungerade \u00f6ver f\u00f6rv\u00e4ntan och jag kommer att prova det p\u00e5 riktiga m\u00f6ten inom kort ocks\u00e5 (n\u00e4r jag nu har n\u00e5gra). Mycket anv\u00e4ndbart. <\/p>\n\n\n\n<p>Funktionen finns i deasktop-ChatGPT p\u00e5 Mac f\u00f6r nu och \u00e4r begr\u00e4nsad till 120 min. <\/p>\n\n\n\n<h1 class=\"wp-block-heading\"><strong>Ledarskapets roll i \u00e5terh\u00e4mtning p\u00e5 arbetsplatsen<\/strong><\/h1>\n\n\n\n<p><strong>Datum\/tid:<\/strong> 2025-08-28 09:39 CEST<\/p>\n\n\n\n<h2 class=\"wp-block-heading\"><strong>Sammanfattning<\/strong><\/h2>\n\n\n\n<p>Samtalet belyser ny forskning som lyfter fram den viktiga rollen b\u00e5de formella och informella ledare har i att fr\u00e4mja \u00e5terh\u00e4mtning under arbetsdagen. Ledare fungerar som f\u00f6rebilder och bidrar till att skapa en kultur d\u00e4r \u00e5terh\u00e4mtning \u00e4r en naturlig del av arbetsmilj\u00f6n, samtidigt som de st\u00f6djer medarbetarnas olika behov genom varierande aktiviteter.<\/p>\n\n\n\n<h2 class=\"wp-block-heading\"><strong>Viktiga punkter<\/strong><\/h2>\n\n\n\n<ul class=\"wp-block-list\">\n<li>Ledarskapets betydelse f\u00f6r \u00e5terh\u00e4mtning har st\u00e4rkts och omfattar b\u00e5de formella chefer och informella ledare som driver \u00e5terh\u00e4mtningsarbetet.<\/li>\n\n\n\n<li>Ledare b\u00f6r agera som f\u00f6rebilder genom att sj\u00e4lva engagera sig i \u00e5terh\u00e4mtningsaktiviteter och st\u00f6dja medarbetarnas individuella behov \u2013 detta kallas \u201c\u00e5terh\u00e4mtningsst\u00f6ttande ledarskap\u201d.<\/li>\n\n\n\n<li>\u00c5terh\u00e4mtningsaktiviteter kan variera fr\u00e5n att dansa med kollegor till att titta p\u00e5 kattvideor, d\u00e4r nyckeln \u00e4r att hitta kontraster och aktiviteter som passar individens behov.<\/li>\n\n\n\n<li>Kunskap och f\u00f6rst\u00e5else om \u00e5terh\u00e4mtning b\u00f6r spridas brett bland b\u00e5de ledare och medarbetare f\u00f6r att skapa en h\u00e4lsofr\u00e4mjande arbetsmilj\u00f6.<\/li>\n<\/ul>\n\n\n\n<h2 class=\"wp-block-heading\"><strong>Rekommenderade \u00e5tg\u00e4rder<\/strong><\/h2>\n\n\n\n<ul class=\"wp-block-list\">\n<li>Ledare b\u00f6r vara goda f\u00f6rebilder genom att aktivt delta i och uppmuntra \u00e5terh\u00e4mtningsaktiviteter.<\/li>\n\n\n\n<li>Fr\u00e4mja en bred f\u00f6rst\u00e5else av \u00e5terh\u00e4mtningens f\u00f6rdelar och metoder bland all personal f\u00f6r att skapa gemensamt engagemang.<\/li>\n<\/ul>\n\n\n\n<h2 class=\"wp-block-heading\"><strong>\u00d6ppna fr\u00e5gor<\/strong><\/h2>\n\n\n\n<ul class=\"wp-block-list\">\n<li>Hur kan organisationer b\u00e4st identifiera och st\u00e4rka informella ledare som fr\u00e4mjar \u00e5terh\u00e4mtning?<\/li>\n\n\n\n<li>Vilka \u00e5terh\u00e4mtningsaktiviteter fungerar b\u00e4st f\u00f6r olika typer av arbetsuppgifter?<\/li>\n\n\n\n<li>Hur kan ledare b\u00e4st anpassa st\u00f6det f\u00f6r \u00e5terh\u00e4mtning efter medarbetarnas individuella behov?<\/li>\n<\/ul>\n\n\n\n<h2 class=\"wp-block-heading\">Transkribering (ej redigerad) <\/h2>\n\n\n\n<p><strong>[0:02] Speaker 1:<\/strong> Om vi nu ska \u00e5terg\u00e5 lite till den h\u00e4r f\u00f6rsta fr\u00e5gan om pauser under arbetsdagens g\u00e5ng. Du har ju tidigare varit med h\u00e4r i Vetenskapsradion och ber\u00e4ttat om hur man ska \u00e5terh\u00e4mta sig p\u00e5 jobbet. Men vad vore det f\u00f6r nya forskningsresultat nu? Den senaste tiden vi gjorde handlade mer om ledarens roll, d\u00e4r vi tidigare haft ett mer individperspektiv.<\/p>\n\n\n\n<p><strong>[0:34] Speaker 1:<\/strong> Det \u00e4r viktigt att g\u00f6ra f\u00f6r att det \u00e4r platsen, men h\u00e4r kan vi faktiskt s\u00e4ga att ledaren, som vi har n\u00e4mnt innan, har st\u00e4rkts ytterligare kopplat till \u00e5terh\u00e4mtning och hur viktig roll ledaren faktiskt har. Det jag tycker \u00e4r sp\u00e4nnande h\u00e4r \u00e4r att vi har b\u00e5de kollat p\u00e5 det vi kallar formella ledare, allts\u00e5 de som har ett uttalat chefsansvar, men ocks\u00e5 informella ledare, allts\u00e5 eldsj\u00e4lar.<\/p>\n\n\n\n<p><strong>[0:53] Speaker 1:<\/strong> De medarbetare som driver arbetet med \u00e5terh\u00e4mtning extra. Det \u00e4r viktigt att lyfta dessa ledare f\u00f6r att skapa en kultur p\u00e5 arbetsplatsen d\u00e4r \u00e5terh\u00e4mtning \u00e4r en sj\u00e4lvklar del, d\u00e4r alla faktiskt har m\u00f6jlighet att \u00e5terh\u00e4mta sig. Men det kan vara ganska mycket uppf\u00f6rsbacke i det arbetet.<\/p>\n\n\n\n<p><strong>[1:23] Speaker 1:<\/strong> Ja, s\u00e5 \u00e4r det klart. Vi kan ju s\u00e4ga att f\u00f6ruts\u00e4ttningarna faktiskt har v\u00e4ldigt stor betydelse. Men det som \u00e4r intressant med den h\u00e4r forskningen \u00e4r att man som ledare kan g\u00f6ra v\u00e4ldigt mycket. Det vi ser \u00e4r att vara en f\u00f6rebild f\u00f6r dem man har runt sig, f\u00f6r kollegor, f\u00f6r medarbetare, spelar v\u00e4ldigt stor roll f\u00f6r att de ska \u00e5terh\u00e4mta sig. Man pratar om begreppet \u00e5terh\u00e4mtningsst\u00f6ttande chef.<\/p>\n\n\n\n<p><strong>[1:48] Speaker 1:<\/strong> Att man faktiskt visar ett engagemang, att man \u00e4ven f\u00f6reg\u00e5r med gott exempel och sj\u00e4lv ofta r\u00e4knar p\u00e5 sig som ledare, det f\u00e5r man inte gl\u00f6mma bort.<\/p>\n\n\n\n<p><strong>[1:57] Speaker 2:<\/strong> Och faktiskt ocks\u00e5 st\u00f6tta medarbetarna i det, att vi har olika niv\u00e5er i \u00e5terh\u00e4mtning och faktiskt ska avg\u00f6ra vad som beh\u00f6vs, till exempel tid, ett tillh\u00f6rande klimat och annat.<\/p>\n\n\n\n<p><strong>[2:13] Speaker 1:<\/strong> N\u00e4r \u00e4r det chefen ska b\u00f6rja dansa p\u00e5 jobbet med sina medarbetare?<\/p>\n\n\n\n<p><strong>[2:18] Speaker 2:<\/strong> Ja, det \u00e4r ett v\u00e4ldigt bra exempel.<\/p>\n\n\n\n<p><strong>[2:22] Speaker 2:<\/strong> Vi har pratat mycket om dans, s\u00e5 det h\u00e4nder. D\u00e4r var jag inne p\u00e5 vattenledare.<\/p>\n\n\n\n<p><strong>[2:31] Speaker 2:<\/strong> Jag har dansat i flera av mina studier och sagt att det \u00e4r inte f\u00f6r alla och det \u00e4r okej. N\u00e5gonting som \u00e4r v\u00e4ldigt viktigt med \u00e5terh\u00e4mtning i jobbet \u00e4r att det ska vara rymligt och att vi alla har olika behov. Men dansen kan vara v\u00e4ldigt bra.<\/p>\n\n\n\n<p><strong>[2:45] Speaker 2:<\/strong> I en tid vi faktiskt har att stanna tillsammans med kollegorna s\u00e5 tycker vi om att vara med och vi jobbar b\u00e4ttre tillsammans. S\u00e5 den satte jag lite \u00e4ldre med kollegorna, j\u00e4ttebra.<\/p>\n\n\n\n<p><strong>[2:55] Speaker 2:<\/strong> Men det kan ocks\u00e5 vara som n\u00e5gon sa att titta p\u00e5 kattvideos. Det viktiga h\u00e4r \u00e4r att du hittar n\u00e5gonting som passar dina behov av \u00e5terh\u00e4mtning. Jag brukar prata om \u00e5terh\u00e4mtning som att vi har olika batterier i oss. Vi anv\u00e4nder batterierna i allt vi g\u00f6r, b\u00e5de roliga saker och stress.<\/p>\n\n\n\n<p><strong>[3:17] Speaker 2:<\/strong> Oavsett om det \u00e4r att titta p\u00e5 kattvideos en stund, dansa, ta ett djupt andetag, h\u00f6ra av sig eller prata med en kollega, vad det \u00e4n \u00e4r s\u00e5 \u00e4r det viktiga att vi g\u00f6r det som beh\u00f6vs. Men ocks\u00e5 att det ska handla om kontraster. Jag tror att det \u00e4r en av de viktigaste ledorden g\u00e4llande \u00e5terh\u00e4mtning, att vi vill f\u00e5 in det motsatta, att g\u00f6ra tv\u00e4rtom, f\u00e5 in m\u00e5nga kontraster i arbetsvardagen men ocks\u00e5 privat.<\/p>\n\n\n\n<p><strong>[3:48] Speaker 1:<\/strong> Fast om du sitter s\u00e5 ska du st\u00e5 eller om du st\u00e5r s\u00e5 ska du l\u00e4gga dig och vila.<\/p>\n\n\n\n<p><strong>[3:52] Speaker 2:<\/strong> Om vi tar ett tydligt exempel, har du stillasittande arbete kan det vara bra med r\u00f6relse. Men ocks\u00e5 om vi har n\u00e5got kommunikativt kr\u00e4ver det andra saker, s\u00e5 kan det vara bra med pauser d\u00e4r man g\u00f6r n\u00e5got som inte kr\u00e4ver s\u00e5 mycket tanke. Vi kan t\u00e4nka hela tiden: vad har vi gjort nu, vad k\u00e4nner jag mig tr\u00f6tt av, okej d\u00e5 vill jag g\u00f6ra n\u00e5got annat. Det kan handla om att g\u00f6ra en annan typ av arbete. Det kan ocks\u00e5 handla om s\u00e5dana pauser som vi n\u00e4mnde i b\u00f6rjan.<\/p>\n\n\n\n<p><strong>[4:17] Speaker 1:<\/strong> Ni pratar ju egentligen om chefernas vikt i en god arbetsmilj\u00f6. \u00c4r cheferna sj\u00e4lva medvetna om det?<\/p>\n\n\n\n<p><strong>[4:30] Speaker 1:<\/strong> Utveckla hur man kan p\u00e5verka.<\/p>\n\n\n\n<p><strong>[4:31] Speaker 2:<\/strong> Ja, men det tror jag. Jag vill ocks\u00e5 trycka lite extra p\u00e5 det h\u00e4r med kunskap och f\u00f6rst\u00e5else. Om vi har en chef som har kunskap och r\u00e4tt kompetens<\/p>\n\n\n\n<p><strong>[4:40] Speaker 2:<\/strong> Att d\u00e5 kunna g\u00f6ra n\u00e5gon form av h\u00e4lsofr\u00e4mjande insats, men om inte medarbetarna har den kunskapen och f\u00f6rst\u00e5elsen, d\u00e5 \u00e4r det att jobba mot vinden.<\/p>\n\n\n\n<p><strong>[4:52] Speaker 2:<\/strong> Jag tror p\u00e5 att vi m\u00e5ste skapa en v\u00e4ldigt bred f\u00f6rst\u00e5else s\u00e5 att medarbetarna ocks\u00e5 \u00e4r med p\u00e5 varf\u00f6r vi g\u00f6r det h\u00e4r arbetet och vad vi kan vinna genom att g\u00f6ra det. S\u00e5 jag tror p\u00e5 en s\u00e5dan f\u00f6rst\u00e5else inom alla led.<\/p>\n\n\n\n<p><strong>[5:05] Speaker 1:<\/strong> Men d\u00e5 s\u00e4ger jag tack till Nina Eidlertsson, folkh\u00e4lsovetare vid G\u00f6teborgs universitet, och Monica Wetterstrand, docent och rektor i folkh\u00e4lsovetenskap, och via Forss universitet Jens Karlsstr\u00f6m, rektor vid Institutionen f\u00f6r Epidemiologi och Global H\u00e4lsa i Ume\u00e5 universitet. Jag heter Annika Aspman och du har lyssnat p\u00e5 Vetenskapsradion.<\/p>\n","protected":false},"excerpt":{"rendered":"<p>ChatGPT har nyligen f\u00e5tt m\u00f6jligheten att spela in m\u00f6ten och transkribera och sammanfatta dem. Jag gjorde ett prov p\u00e5 Vetenskapsradions avsnitt om att skapa en frisk arbetsplats, m\u00e5 bra p\u00e5 jobbet och f\u00e5 \u00e5terh\u00e4mtning. Jag spelade in knappt 6 minuter av programmet &#8220;live&#8221; f\u00f6r att simulera ett m\u00f6te. Nedan hittar ni sammanfattningen och under det &hellip; <a href=\"https:\/\/www.parnes.com\/blog\/index.php\/2025\/08\/28\/provar-motessammanfattning-via-chatgpt\/\" class=\"more-link\">Continue reading <span class=\"screen-reader-text\">Provar m\u00f6tessammanfattning via ChatGPT<\/span> <span class=\"meta-nav\">&rarr;<\/span><\/a><\/p>\n","protected":false},"author":1,"featured_media":0,"comment_status":"open","ping_status":"open","sticky":false,"template":"","format":"standard","meta":{"footnotes":""},"categories":[1055,1054,1046],"tags":[],"class_list":["post-5323","post","type-post","status-publish","format-standard","hentry","category-ai","category-chatgpt","category-digitalisering"],"_links":{"self":[{"href":"https:\/\/www.parnes.com\/blog\/index.php\/wp-json\/wp\/v2\/posts\/5323","targetHints":{"allow":["GET"]}}],"collection":[{"href":"https:\/\/www.parnes.com\/blog\/index.php\/wp-json\/wp\/v2\/posts"}],"about":[{"href":"https:\/\/www.parnes.com\/blog\/index.php\/wp-json\/wp\/v2\/types\/post"}],"author":[{"embeddable":true,"href":"https:\/\/www.parnes.com\/blog\/index.php\/wp-json\/wp\/v2\/users\/1"}],"replies":[{"embeddable":true,"href":"https:\/\/www.parnes.com\/blog\/index.php\/wp-json\/wp\/v2\/comments?post=5323"}],"version-history":[{"count":4,"href":"https:\/\/www.parnes.com\/blog\/index.php\/wp-json\/wp\/v2\/posts\/5323\/revisions"}],"predecessor-version":[{"id":5327,"href":"https:\/\/www.parnes.com\/blog\/index.php\/wp-json\/wp\/v2\/posts\/5323\/revisions\/5327"}],"wp:attachment":[{"href":"https:\/\/www.parnes.com\/blog\/index.php\/wp-json\/wp\/v2\/media?parent=5323"}],"wp:term":[{"taxonomy":"category","embeddable":true,"href":"https:\/\/www.parnes.com\/blog\/index.php\/wp-json\/wp\/v2\/categories?post=5323"},{"taxonomy":"post_tag","embeddable":true,"href":"https:\/\/www.parnes.com\/blog\/index.php\/wp-json\/wp\/v2\/tags?post=5323"}],"curies":[{"name":"wp","href":"https:\/\/api.w.org\/{rel}","templated":true}]}}