{"id":5212,"date":"2024-09-23T14:17:49","date_gmt":"2024-09-23T14:17:49","guid":{"rendered":"https:\/\/www.parnes.com\/blog\/?p=5212"},"modified":"2024-09-23T14:17:49","modified_gmt":"2024-09-23T14:17:49","slug":"ai-i-forskarutbildningen-240920","status":"publish","type":"post","link":"https:\/\/www.parnes.com\/blog\/index.php\/2024\/09\/23\/ai-i-forskarutbildningen-240920\/","title":{"rendered":"AI i forskarutbildningen &#8211; 240920"},"content":{"rendered":"\n<p class=\"has-text-align-center\"><img decoding=\"async\" width=\"378px;\" height=\"216px;\" src=\"https:\/\/lh7-rt.googleusercontent.com\/slidesz\/AGV_vUdNpYHwDN3ZBapXthndhwrbcof3p5pcCuLkxUW89979JSSLU8eQQvZx3hsGEmjkqdJ3egAaaB0TVbdixge93fkeZeu2RBJlrRAqFb-OrhkyEdA9E5LzYssrZqOZ1tJqbVU5Wl66w6kxoxNSy8yuwr95meaA7lU=s2048?key=QRXYOg-kklql7Wx9eEMPng\"><\/p>\n\n\n\n<p><br><br>AI i forskarutbildningen var \u00e4mnet n\u00e4r Malm\u00f6 universitet bj\u00f6d in till en fokusdag 240920.<\/p>\n\n\n\n<p>Jag inledde med en f\u00f6rel\u00e4sning f\u00f6ljt av en paneldebatt, omv\u00e4rldsbevakning och en workshop med m\u00e5let att hitta hur vi kan utveckla forskarutbildningen. Jag \u00e4r mycket imponerad av Malm\u00f6 Universitets arbete inom AI och l\u00e4rande.<\/p>\n\n\n\n<p>En av huvudpunkterna som kom upp \u00e4r avsaknaden av nationella riktlinjer och vi var \u00f6vertygande om att det borde vara en fr\u00e5ga f\u00f6r SUHF.<\/p>\n\n\n\n<p>H\u00e4r \u00e4r <a href=\"https:\/\/docs.google.com\/presentation\/u\/0\/d\/104mKTpzkvVKNBB5dXx-xCQI4FHITdBB8-D4sZFPaBNk\/\">mina bilder<\/a> fr\u00e5n introduktionen om n\u00e5gon \u00e4r intresserad.<\/p>\n\n\n\n<iframe loading=\"lazy\" src=\"https:\/\/docs.google.com\/presentation\/d\/104mKTpzkvVKNBB5dXx-xCQI4FHITdBB8-D4sZFPaBNk\/embed?start=false&#038;loop=false&#038;delayms=3000\" frameborder=\"0\" width=\"480\" height=\"299\" allowfullscreen=\"true\" mozallowfullscreen=\"true\" webkitallowfullscreen=\"true\"><\/iframe>\n\n\n\n<figure class=\"wp-block-gallery has-nested-images columns-default is-cropped wp-block-gallery-1 is-layout-flex wp-block-gallery-is-layout-flex\">\n<figure class=\"wp-block-image size-large\"><a href=\"https:\/\/www.parnes.com\/wordpress\/wp-content\/uploads\/2024\/09\/malmo2-scaled.jpg\"><img loading=\"lazy\" decoding=\"async\" width=\"768\" height=\"1024\" data-id=\"5215\" src=\"https:\/\/www.parnes.com\/wordpress\/wp-content\/uploads\/2024\/09\/malmo2-768x1024.jpg\" alt=\"\" class=\"wp-image-5215\" srcset=\"https:\/\/www.parnes.com\/wordpress\/wp-content\/uploads\/2024\/09\/malmo2-768x1024.jpg 768w, https:\/\/www.parnes.com\/wordpress\/wp-content\/uploads\/2024\/09\/malmo2-225x300.jpg 225w, https:\/\/www.parnes.com\/wordpress\/wp-content\/uploads\/2024\/09\/malmo2-1152x1536.jpg 1152w, https:\/\/www.parnes.com\/wordpress\/wp-content\/uploads\/2024\/09\/malmo2-1536x2048.jpg 1536w, https:\/\/www.parnes.com\/wordpress\/wp-content\/uploads\/2024\/09\/malmo2-scaled.jpg 1919w\" sizes=\"auto, (max-width: 768px) 100vw, 768px\" \/><\/a><\/figure>\n\n\n\n<figure class=\"wp-block-image size-large\"><a href=\"https:\/\/www.parnes.com\/wordpress\/wp-content\/uploads\/2024\/09\/malmo1-scaled.jpg\"><img loading=\"lazy\" decoding=\"async\" width=\"768\" height=\"1024\" data-id=\"5214\" src=\"https:\/\/www.parnes.com\/wordpress\/wp-content\/uploads\/2024\/09\/malmo1-768x1024.jpg\" alt=\"\" class=\"wp-image-5214\" srcset=\"https:\/\/www.parnes.com\/wordpress\/wp-content\/uploads\/2024\/09\/malmo1-768x1024.jpg 768w, https:\/\/www.parnes.com\/wordpress\/wp-content\/uploads\/2024\/09\/malmo1-225x300.jpg 225w, https:\/\/www.parnes.com\/wordpress\/wp-content\/uploads\/2024\/09\/malmo1-1152x1536.jpg 1152w, https:\/\/www.parnes.com\/wordpress\/wp-content\/uploads\/2024\/09\/malmo1-1536x2048.jpg 1536w, https:\/\/www.parnes.com\/wordpress\/wp-content\/uploads\/2024\/09\/malmo1-scaled.jpg 1920w\" sizes=\"auto, (max-width: 768px) 100vw, 768px\" \/><\/a><\/figure>\n<\/figure>\n","protected":false},"excerpt":{"rendered":"<p>AI i forskarutbildningen var \u00e4mnet n\u00e4r Malm\u00f6 universitet bj\u00f6d in till en fokusdag 240920. Jag inledde med en f\u00f6rel\u00e4sning f\u00f6ljt av en paneldebatt, omv\u00e4rldsbevakning och en workshop med m\u00e5let att hitta hur vi kan utveckla forskarutbildningen. Jag \u00e4r mycket imponerad av Malm\u00f6 Universitets arbete inom AI och l\u00e4rande. En av huvudpunkterna som kom upp \u00e4r &hellip; <a href=\"https:\/\/www.parnes.com\/blog\/index.php\/2024\/09\/23\/ai-i-forskarutbildningen-240920\/\" class=\"more-link\">Continue reading <span class=\"screen-reader-text\">AI i forskarutbildningen &#8211; 240920<\/span> <span class=\"meta-nav\">&rarr;<\/span><\/a><\/p>\n","protected":false},"author":1,"featured_media":0,"comment_status":"open","ping_status":"open","sticky":false,"template":"","format":"standard","meta":{"footnotes":""},"categories":[1055,1054,1046,1044,1042,422],"tags":[],"class_list":["post-5212","post","type-post","status-publish","format-standard","hentry","category-ai","category-chatgpt","category-digitalisering","category-digitalisering-i-skolan","category-forelasningar","category-research"],"_links":{"self":[{"href":"https:\/\/www.parnes.com\/blog\/index.php\/wp-json\/wp\/v2\/posts\/5212","targetHints":{"allow":["GET"]}}],"collection":[{"href":"https:\/\/www.parnes.com\/blog\/index.php\/wp-json\/wp\/v2\/posts"}],"about":[{"href":"https:\/\/www.parnes.com\/blog\/index.php\/wp-json\/wp\/v2\/types\/post"}],"author":[{"embeddable":true,"href":"https:\/\/www.parnes.com\/blog\/index.php\/wp-json\/wp\/v2\/users\/1"}],"replies":[{"embeddable":true,"href":"https:\/\/www.parnes.com\/blog\/index.php\/wp-json\/wp\/v2\/comments?post=5212"}],"version-history":[{"count":1,"href":"https:\/\/www.parnes.com\/blog\/index.php\/wp-json\/wp\/v2\/posts\/5212\/revisions"}],"predecessor-version":[{"id":5216,"href":"https:\/\/www.parnes.com\/blog\/index.php\/wp-json\/wp\/v2\/posts\/5212\/revisions\/5216"}],"wp:attachment":[{"href":"https:\/\/www.parnes.com\/blog\/index.php\/wp-json\/wp\/v2\/media?parent=5212"}],"wp:term":[{"taxonomy":"category","embeddable":true,"href":"https:\/\/www.parnes.com\/blog\/index.php\/wp-json\/wp\/v2\/categories?post=5212"},{"taxonomy":"post_tag","embeddable":true,"href":"https:\/\/www.parnes.com\/blog\/index.php\/wp-json\/wp\/v2\/tags?post=5212"}],"curies":[{"name":"wp","href":"https:\/\/api.w.org\/{rel}","templated":true}]}}