{"id":5174,"date":"2024-05-22T08:00:32","date_gmt":"2024-05-22T08:00:32","guid":{"rendered":"https:\/\/www.parnes.com\/blog\/?p=5174"},"modified":"2024-05-24T09:44:54","modified_gmt":"2024-05-24T09:44:54","slug":"medverkar-i-sveriges-radio-om-eu-ai-act-ai-lagen-240522","status":"publish","type":"post","link":"https:\/\/www.parnes.com\/blog\/index.php\/2024\/05\/22\/medverkar-i-sveriges-radio-om-eu-ai-act-ai-lagen-240522\/","title":{"rendered":"Medverkar i Sveriges Radio om EU AI Act, AI-lagen 240522"},"content":{"rendered":"\n<p>Jag gjorde ett litet inspel 240522 i Sveriges Radio P4 om EU:s nya AI-lag d\u00e4r vi diskuterade vad den nya lagen inneb\u00e4r och vilken p\u00e5verkan den f\u00e5r p\u00e5 oss som medborgare samt vad som kommer att p\u00e5verkas globalt.  Jag blev intervjuad av Maria Lindgren som en del av <a href=\"https:\/\/sverigesradio.se\/avsnitt\/2385188\">Morgon i P4 Norrbotten<\/a>. <\/p>\n\n\n\n<figure class=\"wp-block-audio\"><audio controls src=\"https:\/\/www.parnes.com\/wordpress\/wp-content\/uploads\/2024\/05\/Peter%20Parnes%20P4%20Norrbotten%20240522.mp3\"><\/audio><\/figure>\n\n\n\n<p>H\u00e4r \u00e4r en AI-genererad transkribering: <\/p>\n\n\n\n<p><strong>Maria<\/strong>: P4 Norrbotten \u00e4r kanalen du lyssnar p\u00e5. Klockan \u00e4r 16 minuter \u00f6ver sju den h\u00e4r onsdag morgonen. Vi ska prata om EUs nya AI-lagstiftning som nu har klubbats formellt. Fr\u00e5gan \u00e4r f\u00f6rst\u00e5s vad det kommer att betyda f\u00f6r oss vanliga EU-medborgare och norrbottningar. Peter Parnes, du \u00e4r professor i datateknik och s\u00e4rskilt kunnig n\u00e4r det handlar om hur m\u00e4nskligt l\u00e4rande p\u00e5verkas av AI. Hur stor f\u00f6r\u00e4ndring \u00e4r det att det nu finns en lagstiftning om AI? <\/p>\n\n\n\n<p><strong>Peter<\/strong>: F\u00f6r det f\u00f6rsta s\u00e5 finns den inte \u00e4n. Det kommer att dr\u00f6ja ett tag innan vi f\u00e5r den. Men det stora \u00e4r att vi f\u00e5r mer transparens. Vi som medborgare kommer att f\u00e5 veta mer om n\u00e4r vi pratar med AI. Vissa tj\u00e4nster kommer helt att f\u00f6rbjudas. Till exempel, vi f\u00e5r inte ha system som p\u00e5verkar oss utifr\u00e5n biologiska differenser. Vi f\u00e5r inte ha social ranking som man har jobbat mycket med i Kina. <\/p>\n\n\n\n<p><strong>Maria<\/strong>: Vad inneb\u00e4r det? <\/p>\n\n\n\n<p><strong>Peter<\/strong>: Det inneb\u00e4r att man utifr\u00e5n ens historik f\u00e5r olika f\u00f6rdelar och nackdelar i samh\u00e4llet. Det kan vara l\u00e5n, tillg\u00e5ng till utbildning etc. Har du gjort dumheter i ditt liv f\u00e5r du s\u00e4mre ranking. \u00c4r du en god medborgare f\u00e5r du b\u00e4ttre ranking. Den typen av system blir helt f\u00f6rbjudna baserat p\u00e5 AI. <\/p>\n\n\n\n<p><strong>Maria<\/strong>: Tanken \u00e4r att det h\u00e4r kommer att genomf\u00f6ras under de kommande tv\u00e5 \u00e5ren fram till 2026. <\/p>\n\n\n\n<p><strong>Peter<\/strong>: Precis. Till och med tre \u00e5ren f\u00f6r existerande system s\u00e5 har man tre \u00e5r p\u00e5 sig att anpassa inf\u00f6r AI. <\/p>\n\n\n\n<p><strong>Maria<\/strong>: Vad tror du d\u00e5 kommer att bli mest p\u00e5tagligt f\u00f6r dig och mig? Hur kommer vi att m\u00e4rka det h\u00e4r? <\/p>\n\n\n\n<p><strong>Peter<\/strong>: Det lilla vi kommer att m\u00e4rka \u00e4r att vi m\u00e5ste f\u00e5 reda p\u00e5 om vi interagerar med en AI eller inte. Idag kanske vi tycker att det \u00e4r sj\u00e4lvklart. Om jag pratar med en AI-genererad r\u00f6st s\u00e5 kanske jag h\u00f6r det. Men redan nu b\u00f6rjar vi komma till att tekniken kommit s\u00e5 l\u00e5ngt att vi inte ens kan k\u00e4nna igen r\u00f6ster l\u00e4ngre som har genererade. N\u00e4r vi chattar, texter etc. S\u00e5 n\u00e4r vi interagerar med olika enheter s\u00e5 ska det framkomma att det \u00e4r en AI vi pratar med. <\/p>\n\n\n\n<p><strong>Maria<\/strong>: De h\u00e4r lagarna handlar om EU som \u00e4r f\u00f6rst ut med det h\u00e4r. Det ska vara den mest helt\u00e4ckande lagstiftningen. Kommer man att anv\u00e4nda EU som n\u00e5got slags globalt exempel n\u00e4r det handlar om den h\u00e4r typen av lagstiftning och regler? <\/p>\n\n\n\n<p><strong>Peter<\/strong>: Det \u00e4r en av f\u00f6rhoppningarna fr\u00e5n EUs lagstiftare. Det \u00e4r just att det ska bli en f\u00f6rebild. Den stora andra parten h\u00e4r d\u00e4r det sker v\u00e4ldigt mycket p\u00e5 AI-omr\u00e5det i USA. D\u00e4r har man tidigt ocks\u00e5 haft f\u00f6rslag p\u00e5 egen lagstiftning. Men det har man sedan backat ifr\u00e5n d\u00e4r man anser att lagstiftningen skulle vara f\u00f6r begr\u00e4nsande f\u00f6r den tekniska utvecklingen. D\u00e4r var man l\u00e5ngt framme. Man backade. Vi f\u00e5r helt enkelt se hur det h\u00e4r kommer att p\u00e5verka globalt. Men det vi vet \u00e4r att f\u00f6r de amerikanska bolagen, de flesta stora AI-j\u00e4ttar \u00e4r amerikanska idag. F\u00f6r att de ska kunna ha sina produkter inom EU s\u00e5 m\u00e5ste de f\u00f6lja EU-lagen. S\u00e5 d\u00e5 m\u00e5ste de implementera regler och transparens etc. \u00c4ven om de inte anv\u00e4nder dem i USA. Och d\u00e5 \u00e4r f\u00f6rhoppningen att det ska leda till att man \u00e4ven g\u00f6r det \u00f6ppet i USA ocks\u00e5. Och andra delar av v\u00e4rlden, som Asien. <\/p>\n\n\n\n<p><strong>Maria<\/strong>: Men d\u00e5 om vi backar lite grann d\u00e5. Varf\u00f6r beh\u00f6vs det en lagstiftning p\u00e5 det h\u00e4r omr\u00e5det? <\/p>\n\n\n\n<p><strong>Peter<\/strong>: De h\u00e4r systemen har idag blivit v\u00e4ldigt, v\u00e4ldigt kraftfulla. De kan g\u00f6ra j\u00e4ttemycket. De kan samla information. De sammanst\u00e4ller information. De kan bygga upp profiler om m\u00e4nniskor. D\u00e5 har vi i princip inga regler. Det \u00e4r rena, vilda western d\u00e4r ute. D\u00e4r de h\u00e4r tech-j\u00e4ttarna kan g\u00f6ra i princip vad de vill. Och anledningen till att vi inte har sett mer s\u00e5 kallade illvilliga system. Det \u00e4r f\u00f6r att de h\u00e4r f\u00f6retagen sj\u00e4lva har lagt begr\u00e4nsningar p\u00e5 sig sj\u00e4lva. S\u00e5 att de anv\u00e4nder sin egen etiska kompass inom utvecklingen. Men det betyder ju inte att alla f\u00f6retag alltid g\u00f6r detta. Och kommer att g\u00f6ra detta. Det \u00e4r olika syn p\u00e5 vad som \u00e4r r\u00e4tt och till\u00e5tet. Och vi har ju ganska stor skillnad mellan USA och Sverige i m\u00e5nga fr\u00e5gor. Ta till exempel abortfr\u00e5gan. Den \u00e4r ju helt annorlunda den debatten i USA \u00e4n i Sverige. Eller EU med dem. <\/p>\n\n\n\n<p><strong>Maria<\/strong>: Det h\u00e4r med AI \u00e4r ju n\u00e5gonting som \u00e4r \u00e4nd\u00e5 relativt nytt. Vad tror du om den h\u00e4r lagstiftningen? Kommer den att f\u00f6r\u00e4ndras? Eller \u00e4r den helt\u00e4ckande nu som det ser ut<\/p>\n\n\n\n<p><strong>Peter<\/strong>: Den \u00e4r ju v\u00e4ldigt omfattande. S\u00e5 att den t\u00e4cker ju in v\u00e4ldigt, v\u00e4ldigt m\u00e5nga omr\u00e5den. Sen \u00e4r ju precis som du antyder h\u00e4r. S\u00e5 \u00e4r det en fr\u00e5ga. Kommer den h\u00e4r vara tillr\u00e4cklig? N\u00e4r den h\u00e4r \u00e4r implementerad fullt ut om tre \u00e5r. Det kanske redan innan dess s\u00e5 blir det ju dags att revidera d\u00e5. Men s\u00e5 \u00e4r det ju med de flesta lagar. Och d\u00e5 f\u00e5r vi ju hoppas att lagstiftningen h\u00e4nger med i den tekniska utvecklingen helt enkelt. <\/p>\n\n\n\n<p><strong>Maria<\/strong>: Vi f\u00e5r se hur det g\u00e5r. Peter Parnas, tack f\u00f6r att du kom hit den h\u00e4r morgonen. <\/p>\n\n\n\n<p><strong>Peter<\/strong>: Tack.<\/p>\n\n\n\n<p><\/p>\n","protected":false},"excerpt":{"rendered":"<p>Jag gjorde ett litet inspel 240522 i Sveriges Radio P4 om EU:s nya AI-lag d\u00e4r vi diskuterade vad den nya lagen inneb\u00e4r och vilken p\u00e5verkan den f\u00e5r p\u00e5 oss som medborgare samt vad som kommer att p\u00e5verkas globalt. Jag blev intervjuad av Maria Lindgren som en del av Morgon i P4 Norrbotten. H\u00e4r \u00e4r en &hellip; <a href=\"https:\/\/www.parnes.com\/blog\/index.php\/2024\/05\/22\/medverkar-i-sveriges-radio-om-eu-ai-act-ai-lagen-240522\/\" class=\"more-link\">Continue reading <span class=\"screen-reader-text\">Medverkar i Sveriges Radio om EU AI Act, AI-lagen 240522<\/span> <span class=\"meta-nav\">&rarr;<\/span><\/a><\/p>\n","protected":false},"author":1,"featured_media":4548,"comment_status":"open","ping_status":"open","sticky":false,"template":"","format":"standard","meta":{"footnotes":""},"categories":[1055,1054,1046,1041],"tags":[],"class_list":["post-5174","post","type-post","status-publish","format-standard","has-post-thumbnail","hentry","category-ai","category-chatgpt","category-digitalisering","category-press"],"_links":{"self":[{"href":"https:\/\/www.parnes.com\/blog\/index.php\/wp-json\/wp\/v2\/posts\/5174","targetHints":{"allow":["GET"]}}],"collection":[{"href":"https:\/\/www.parnes.com\/blog\/index.php\/wp-json\/wp\/v2\/posts"}],"about":[{"href":"https:\/\/www.parnes.com\/blog\/index.php\/wp-json\/wp\/v2\/types\/post"}],"author":[{"embeddable":true,"href":"https:\/\/www.parnes.com\/blog\/index.php\/wp-json\/wp\/v2\/users\/1"}],"replies":[{"embeddable":true,"href":"https:\/\/www.parnes.com\/blog\/index.php\/wp-json\/wp\/v2\/comments?post=5174"}],"version-history":[{"count":1,"href":"https:\/\/www.parnes.com\/blog\/index.php\/wp-json\/wp\/v2\/posts\/5174\/revisions"}],"predecessor-version":[{"id":5176,"href":"https:\/\/www.parnes.com\/blog\/index.php\/wp-json\/wp\/v2\/posts\/5174\/revisions\/5176"}],"wp:featuredmedia":[{"embeddable":true,"href":"https:\/\/www.parnes.com\/blog\/index.php\/wp-json\/wp\/v2\/media\/4548"}],"wp:attachment":[{"href":"https:\/\/www.parnes.com\/blog\/index.php\/wp-json\/wp\/v2\/media?parent=5174"}],"wp:term":[{"taxonomy":"category","embeddable":true,"href":"https:\/\/www.parnes.com\/blog\/index.php\/wp-json\/wp\/v2\/categories?post=5174"},{"taxonomy":"post_tag","embeddable":true,"href":"https:\/\/www.parnes.com\/blog\/index.php\/wp-json\/wp\/v2\/tags?post=5174"}],"curies":[{"name":"wp","href":"https:\/\/api.w.org\/{rel}","templated":true}]}}