{"id":5140,"date":"2024-02-15T11:01:46","date_gmt":"2024-02-15T11:01:46","guid":{"rendered":"https:\/\/www.parnes.com\/blog\/?p=5140"},"modified":"2024-04-05T07:20:19","modified_gmt":"2024-04-05T07:20:19","slug":"ais-paverkan-pa-utbildning-och-samhallet","status":"publish","type":"post","link":"https:\/\/www.parnes.com\/blog\/index.php\/2024\/02\/15\/ais-paverkan-pa-utbildning-och-samhallet\/","title":{"rendered":"AI:s p\u00e5verkan p\u00e5 utbildning och samh\u00e4llet"},"content":{"rendered":"\n<p>240214 hade jag m\u00f6jligheten att f\u00f6rel\u00e4sa och diskutera AI i tv\u00e5 omg\u00e5nger.<\/p>\n\n\n\n<p>F\u00f6rmiddagen handlade om AI och examination p\u00e5 LTU i Lule\u00e5 med institutionen HLT d\u00e4r jag h\u00f6ll en uppskattad presentation f\u00f6ljt av en paneldebatt om hur undervisningen p\u00e5 LTU m\u00e5ste f\u00f6r\u00e4ndras. <a href=\"https:\/\/docs.google.com\/presentation\/d\/137Um02ve6Ah_8uNsLhWL9cU6izuB2_ZEXUVHDseBGGg\/\">H\u00e4r hittar nyfikna presentationen<\/a>. Eftermiddagen spenderade jag tillsammans med Skellefte\u00e5 Senioruniversitet d\u00e4r jag f\u00f6rel\u00e4ste om AI:s p\u00e5verkan p\u00e5 samh\u00e4llet f\u00f6r minst 75 seniorer.<\/p>\n\n\n\n<p>Sammanfattningsvis var mitt budskap att AI starkt kommer att p\u00e5verka l\u00e4rande och h\u00e4r m\u00e5ste LTU och alla skolinstanser h\u00e4nga med i den snabba utvecklingen. Utbildningsv\u00e4sendets utmaning \u00e4r den stora tr\u00f6gheten g\u00e4llande att f\u00f6r\u00e4ndra utbildningar (b\u00e5de kurser och program). Program med start h\u00f6sten 2026 best\u00e4ms &#8220;nu&#8221; och sedan ska studenterna l\u00e4sa i upp till 5 \u00e5r. Dvs., vi best\u00e4mmer _nu_ vad studenterna som tar examen 2031 ska l\u00e4sa i stort. Fr\u00e5gan \u00e4r dock; Hur ser samh\u00e4llet och arbetsmarknaden ut 2031? Nej, vi vet inte men vi m\u00e5ste gissa och interpolera s\u00e5 vi kan ge en relevant utbildning till de som ska jobba i framtiden.<\/p>\n\n\n\n<p>Sedan m\u00e5ste vi ocks\u00e5 ha bra verktyg f\u00f6r reskill och upskill av existerande arbetskraft men det \u00e4r en separat diskussion som jag kanske \u00e5terkommer till senare.<\/p>\n\n\n\n<figure class=\"wp-block-image size-large\"><a href=\"https:\/\/www.parnes.com\/wordpress\/wp-content\/uploads\/2024\/02\/PeterParnes240214.jpg\"><img loading=\"lazy\" decoding=\"async\" width=\"768\" height=\"1024\" src=\"https:\/\/www.parnes.com\/wordpress\/wp-content\/uploads\/2024\/02\/PeterParnes240214-768x1024.jpg\" alt=\"\" class=\"wp-image-5141\" srcset=\"https:\/\/www.parnes.com\/wordpress\/wp-content\/uploads\/2024\/02\/PeterParnes240214-768x1024.jpg 768w, https:\/\/www.parnes.com\/wordpress\/wp-content\/uploads\/2024\/02\/PeterParnes240214-225x300.jpg 225w, https:\/\/www.parnes.com\/wordpress\/wp-content\/uploads\/2024\/02\/PeterParnes240214-1152x1536.jpg 1152w, https:\/\/www.parnes.com\/wordpress\/wp-content\/uploads\/2024\/02\/PeterParnes240214.jpg 1536w\" sizes=\"auto, (max-width: 768px) 100vw, 768px\" \/><\/a><\/figure>\n\n\n\n<figure class=\"wp-block-image size-large\"><a href=\"https:\/\/www.parnes.com\/wordpress\/wp-content\/uploads\/2024\/02\/AIframat.jpg\"><img loading=\"lazy\" decoding=\"async\" width=\"1024\" height=\"614\" src=\"https:\/\/www.parnes.com\/wordpress\/wp-content\/uploads\/2024\/02\/AIframat-1024x614.jpg\" alt=\"\" class=\"wp-image-5143\" srcset=\"https:\/\/www.parnes.com\/wordpress\/wp-content\/uploads\/2024\/02\/AIframat-1024x614.jpg 1024w, https:\/\/www.parnes.com\/wordpress\/wp-content\/uploads\/2024\/02\/AIframat-300x180.jpg 300w, https:\/\/www.parnes.com\/wordpress\/wp-content\/uploads\/2024\/02\/AIframat-768x461.jpg 768w, https:\/\/www.parnes.com\/wordpress\/wp-content\/uploads\/2024\/02\/AIframat-1536x921.jpg 1536w, https:\/\/www.parnes.com\/wordpress\/wp-content\/uploads\/2024\/02\/AIframat.jpg 2048w\" sizes=\"auto, (max-width: 1024px) 100vw, 1024px\" \/><\/a><\/figure>\n\n\n\n<figure class=\"wp-block-image size-large\"><a href=\"https:\/\/www.parnes.com\/wordpress\/wp-content\/uploads\/2024\/02\/AIsammanfattning.jpg\"><img loading=\"lazy\" decoding=\"async\" width=\"1024\" height=\"605\" src=\"https:\/\/www.parnes.com\/wordpress\/wp-content\/uploads\/2024\/02\/AIsammanfattning-1024x605.jpg\" alt=\"\" class=\"wp-image-5142\" srcset=\"https:\/\/www.parnes.com\/wordpress\/wp-content\/uploads\/2024\/02\/AIsammanfattning-1024x605.jpg 1024w, https:\/\/www.parnes.com\/wordpress\/wp-content\/uploads\/2024\/02\/AIsammanfattning-300x177.jpg 300w, https:\/\/www.parnes.com\/wordpress\/wp-content\/uploads\/2024\/02\/AIsammanfattning-768x453.jpg 768w, https:\/\/www.parnes.com\/wordpress\/wp-content\/uploads\/2024\/02\/AIsammanfattning-1536x907.jpg 1536w, https:\/\/www.parnes.com\/wordpress\/wp-content\/uploads\/2024\/02\/AIsammanfattning.jpg 2048w\" sizes=\"auto, (max-width: 1024px) 100vw, 1024px\" \/><\/a><\/figure>\n","protected":false},"excerpt":{"rendered":"<p>240214 hade jag m\u00f6jligheten att f\u00f6rel\u00e4sa och diskutera AI i tv\u00e5 omg\u00e5nger. F\u00f6rmiddagen handlade om AI och examination p\u00e5 LTU i Lule\u00e5 med institutionen HLT d\u00e4r jag h\u00f6ll en uppskattad presentation f\u00f6ljt av en paneldebatt om hur undervisningen p\u00e5 LTU m\u00e5ste f\u00f6r\u00e4ndras. H\u00e4r hittar nyfikna presentationen. Eftermiddagen spenderade jag tillsammans med Skellefte\u00e5 Senioruniversitet d\u00e4r jag &hellip; <a href=\"https:\/\/www.parnes.com\/blog\/index.php\/2024\/02\/15\/ais-paverkan-pa-utbildning-och-samhallet\/\" class=\"more-link\">Continue reading <span class=\"screen-reader-text\">AI:s p\u00e5verkan p\u00e5 utbildning och samh\u00e4llet<\/span> <span class=\"meta-nav\">&rarr;<\/span><\/a><\/p>\n","protected":false},"author":1,"featured_media":5143,"comment_status":"open","ping_status":"open","sticky":false,"template":"","format":"standard","meta":{"footnotes":""},"categories":[1055,1054,1046,1044,1042],"tags":[],"class_list":["post-5140","post","type-post","status-publish","format-standard","has-post-thumbnail","hentry","category-ai","category-chatgpt","category-digitalisering","category-digitalisering-i-skolan","category-forelasningar"],"_links":{"self":[{"href":"https:\/\/www.parnes.com\/blog\/index.php\/wp-json\/wp\/v2\/posts\/5140","targetHints":{"allow":["GET"]}}],"collection":[{"href":"https:\/\/www.parnes.com\/blog\/index.php\/wp-json\/wp\/v2\/posts"}],"about":[{"href":"https:\/\/www.parnes.com\/blog\/index.php\/wp-json\/wp\/v2\/types\/post"}],"author":[{"embeddable":true,"href":"https:\/\/www.parnes.com\/blog\/index.php\/wp-json\/wp\/v2\/users\/1"}],"replies":[{"embeddable":true,"href":"https:\/\/www.parnes.com\/blog\/index.php\/wp-json\/wp\/v2\/comments?post=5140"}],"version-history":[{"count":3,"href":"https:\/\/www.parnes.com\/blog\/index.php\/wp-json\/wp\/v2\/posts\/5140\/revisions"}],"predecessor-version":[{"id":5151,"href":"https:\/\/www.parnes.com\/blog\/index.php\/wp-json\/wp\/v2\/posts\/5140\/revisions\/5151"}],"wp:featuredmedia":[{"embeddable":true,"href":"https:\/\/www.parnes.com\/blog\/index.php\/wp-json\/wp\/v2\/media\/5143"}],"wp:attachment":[{"href":"https:\/\/www.parnes.com\/blog\/index.php\/wp-json\/wp\/v2\/media?parent=5140"}],"wp:term":[{"taxonomy":"category","embeddable":true,"href":"https:\/\/www.parnes.com\/blog\/index.php\/wp-json\/wp\/v2\/categories?post=5140"},{"taxonomy":"post_tag","embeddable":true,"href":"https:\/\/www.parnes.com\/blog\/index.php\/wp-json\/wp\/v2\/tags?post=5140"}],"curies":[{"name":"wp","href":"https:\/\/api.w.org\/{rel}","templated":true}]}}