{"id":5030,"date":"2023-09-18T09:24:33","date_gmt":"2023-09-18T09:24:33","guid":{"rendered":"https:\/\/www.parnes.com\/blog\/?p=5030"},"modified":"2023-09-18T09:24:33","modified_gmt":"2023-09-18T09:24:33","slug":"kurs-generativ-ai-och-larande-hosten-2023","status":"publish","type":"post","link":"https:\/\/www.parnes.com\/blog\/index.php\/2023\/09\/18\/kurs-generativ-ai-och-larande-hosten-2023\/","title":{"rendered":"Kurs Generativ AI och l\u00e4rande h\u00f6sten 2023"},"content":{"rendered":"\n<p>Jag jobbar mycket med uppdragsutbildning p\u00e5 Lule\u00e5 tekniska universitet d\u00e4r jag ger kurser och f\u00f6rel\u00e4sningar till f\u00f6retag och organisationer som \u00e4r intresserade av AI i olika former. <\/p>\n\n\n\n<p>Under juni 2023 gav jag en uppdragsutbildning, Generativ AI och l\u00e4rande p\u00e5 40 studietimmar varav 6h timmar \u00e4r tr\u00e4ffar online f\u00f6rdelat p\u00e5 3 tillf\u00e4llen och resten (34h) \u00e4r egna studier via filmer och material fr\u00e5n mig och inl\u00e4mningsuppgifter. 231006 b\u00f6rjar n\u00e4sta omg\u00e5ng av denna kurs och ni kan anm\u00e4la er till den senast 230927. <a href=\"https:\/\/www.ltu.se\/ltu\/Samverkan\/LTU-Professional-Education\/Utbildningar\/Alla-utbildningar\/Bransch\/Data-IT-och-digitalisering\/Generativ-AI-och-larande-mojligheter-och-utmaningar-1.228688\">L\u00e4s mer h\u00e4r<\/a>. <em>OBS kursen \u00e4r inte gratis d\u00e5 svenska l\u00e4ros\u00e4ten inte f\u00e5r ge gratis uppdragsutbildning. <\/em><\/p>\n\n\n\n<p>Vi s\u00e4ljer ocks\u00e5 en kortare variant p\u00e5 10h studietimmar med eller utan tr\u00e4ffar uppsatt f\u00f6r just din organisation med mig som l\u00e4rare.  Under 2023 och 2024 g\u00e5r flera omg\u00e5ngar av detta uppl\u00e4gg.  Vill du veta mer s\u00e5 <a href=\"mailto:peter.parnes@ltu.se\">kontakta mig<\/a>.<\/p>\n\n\n\n<p>H\u00e4r f\u00e5r ni en kort introduktion till inneh\u00e5llet. <\/p>\n\n\n\n<figure class=\"wp-block-embed is-type-video is-provider-youtube wp-block-embed-youtube wp-embed-aspect-16-9 wp-has-aspect-ratio\"><div class=\"wp-block-embed__wrapper\">\n<iframe loading=\"lazy\" title=\"Inbjudan till kursen Generativ AI och l\u00e4rande\" width=\"474\" height=\"267\" src=\"https:\/\/www.youtube.com\/embed\/6Ro1PLHICtk?feature=oembed\" frameborder=\"0\" allow=\"accelerometer; autoplay; clipboard-write; encrypted-media; gyroscope; picture-in-picture; web-share\" referrerpolicy=\"strict-origin-when-cross-origin\" allowfullscreen><\/iframe>\n<\/div><\/figure>\n\n\n\n<p>Kursomg\u00e5ngen juni 2023 fick f\u00f6ljande omd\u00f6mmen utav max 6.0 fr\u00e5n deltagarna: Helhetsintrycket f\u00f6r kursen \u00e4r 5.42 och  om deltagarna skulle rekommendera kursen fick 5.58. N\u00e5gra urval av kommentarer g\u00e4llande vad deltagarna tyckte var bra med kursen: <\/p>\n\n\n\n<blockquote class=\"wp-block-quote is-layout-flow wp-block-quote-is-layout-flow\">\n<ul class=\"wp-block-list\">\n<li>Att man kan g\u00f6ra momenten i egen takt, att f\u00e5 prata med andra om inneh\u00e5llet, att reflektera med regelbundenhet och tvingas skriva ned sina tankar utan att se andras svar, intressant att f\u00e5 h\u00f6ra olika r\u00f6ster om AI i olika filmer.<br><\/li>\n\n\n\n<li>Bra med Parnes som har l\u00e5ng erfarenhet inom omr\u00e5det, bra urval av information, filmer, tips p\u00e5 verktyg och liknande. Mycket givande och skapar intresse av att l\u00e4ra mer. <br><\/li>\n\n\n\n<li>Entusiastisk kursledare. <br><\/li>\n\n\n\n<li>Bra med inspelat material. V\u00e4ldigt roligt, intressant och givande att f\u00e5r n\u00e4tverka med l\u00e4rare och utbildningsfolk inom olika sektorer.<br><\/li>\n\n\n\n<li>L\u00e4rarens insatthet i omr\u00e5det.<br><\/li>\n\n\n\n<li>Ta del av andras tankar, reflektioner och erfarenheter. Komprimerad avgr\u00e4nsad i tid i det officiella genomf\u00f6randet, men samtidigt &#8220;stretchad&#8221; genom n\u00e5gra m\u00e5nader innan slutuppgift ska vara inl\u00e4mnad samt \u00e5tkomst till material 1 \u00e5r.<br><\/li>\n\n\n\n<li>L\u00e4rarens insatthet i omr\u00e5det.<br><\/li>\n\n\n\n<li>Bra f\u00f6rel\u00e4sningar och bra texter. Trevligt bem\u00f6tande och stort engagemang fr\u00e5n l\u00e4raren. Bra med kombination av Zoom-tr\u00e4ffar och asynkrona delar i Canvas. Jag tycker slutuppgiften var j\u00e4ttebra, s\u00e5 att man fick till\u00e4mpa ocks\u00e5 och reflektera \u00f6ver vad som h\u00e4nde och hur det fungerade.<\/li>\n<\/ul>\n\n\n\n<p><\/p>\n<\/blockquote>\n\n\n\n<p>Varmt v\u00e4lkomna att delta i mina kurser! <\/p>\n","protected":false},"excerpt":{"rendered":"<p>Jag jobbar mycket med uppdragsutbildning p\u00e5 Lule\u00e5 tekniska universitet d\u00e4r jag ger kurser och f\u00f6rel\u00e4sningar till f\u00f6retag och organisationer som \u00e4r intresserade av AI i olika former. Under juni 2023 gav jag en uppdragsutbildning, Generativ AI och l\u00e4rande p\u00e5 40 studietimmar varav 6h timmar \u00e4r tr\u00e4ffar online f\u00f6rdelat p\u00e5 3 tillf\u00e4llen och resten (34h) \u00e4r &hellip; <a href=\"https:\/\/www.parnes.com\/blog\/index.php\/2023\/09\/18\/kurs-generativ-ai-och-larande-hosten-2023\/\" class=\"more-link\">Continue reading <span class=\"screen-reader-text\">Kurs Generativ AI och l\u00e4rande h\u00f6sten 2023<\/span> <span class=\"meta-nav\">&rarr;<\/span><\/a><\/p>\n","protected":false},"author":1,"featured_media":5032,"comment_status":"open","ping_status":"open","sticky":false,"template":"","format":"standard","meta":{"footnotes":""},"categories":[1055,1054,1046,1044,1042,1012],"tags":[],"class_list":["post-5030","post","type-post","status-publish","format-standard","has-post-thumbnail","hentry","category-ai","category-chatgpt","category-digitalisering","category-digitalisering-i-skolan","category-forelasningar","category-ltu"],"_links":{"self":[{"href":"https:\/\/www.parnes.com\/blog\/index.php\/wp-json\/wp\/v2\/posts\/5030","targetHints":{"allow":["GET"]}}],"collection":[{"href":"https:\/\/www.parnes.com\/blog\/index.php\/wp-json\/wp\/v2\/posts"}],"about":[{"href":"https:\/\/www.parnes.com\/blog\/index.php\/wp-json\/wp\/v2\/types\/post"}],"author":[{"embeddable":true,"href":"https:\/\/www.parnes.com\/blog\/index.php\/wp-json\/wp\/v2\/users\/1"}],"replies":[{"embeddable":true,"href":"https:\/\/www.parnes.com\/blog\/index.php\/wp-json\/wp\/v2\/comments?post=5030"}],"version-history":[{"count":1,"href":"https:\/\/www.parnes.com\/blog\/index.php\/wp-json\/wp\/v2\/posts\/5030\/revisions"}],"predecessor-version":[{"id":5033,"href":"https:\/\/www.parnes.com\/blog\/index.php\/wp-json\/wp\/v2\/posts\/5030\/revisions\/5033"}],"wp:featuredmedia":[{"embeddable":true,"href":"https:\/\/www.parnes.com\/blog\/index.php\/wp-json\/wp\/v2\/media\/5032"}],"wp:attachment":[{"href":"https:\/\/www.parnes.com\/blog\/index.php\/wp-json\/wp\/v2\/media?parent=5030"}],"wp:term":[{"taxonomy":"category","embeddable":true,"href":"https:\/\/www.parnes.com\/blog\/index.php\/wp-json\/wp\/v2\/categories?post=5030"},{"taxonomy":"post_tag","embeddable":true,"href":"https:\/\/www.parnes.com\/blog\/index.php\/wp-json\/wp\/v2\/tags?post=5030"}],"curies":[{"name":"wp","href":"https:\/\/api.w.org\/{rel}","templated":true}]}}