{"id":4920,"date":"2023-04-20T06:07:15","date_gmt":"2023-04-20T06:07:15","guid":{"rendered":"https:\/\/www.parnes.com\/blog\/?p=4920"},"modified":"2023-04-20T06:07:15","modified_gmt":"2023-04-20T06:07:15","slug":"presentation-ai-for-effektivt-larande-utmaningar-och-mojligheter-pa-sunetdagarna-230420","status":"publish","type":"post","link":"https:\/\/www.parnes.com\/blog\/index.php\/2023\/04\/20\/presentation-ai-for-effektivt-larande-utmaningar-och-mojligheter-pa-sunetdagarna-230420\/","title":{"rendered":"Presentation: AI f\u00f6r effektivt l\u00e4rande -utmaningar och m\u00f6jligheter p\u00e5 Sunetdagarna 230420"},"content":{"rendered":"\n<p>Jag \u00e4r keynote-talare p\u00e5 <a href=\"https:\/\/www.sunet.se\/om-sunet\/aktuellt\/evenemang\/sunetdagarna-2023\" target=\"_blank\" rel=\"noreferrer noopener\">Sunetdagarna 230420 i Eskilstuna<\/a> med \u00e4mnet AI f\u00f6r effektivt l\u00e4rande. Det blir ganska m\u00e5nga presentationer om detta \u00e4mne men varje g\u00e5ng kommer det in lite nya tankar, speciellt om framtiden. <\/p>\n\n\n\n<p><a rel=\"noreferrer noopener\" href=\"https:\/\/docs.google.com\/presentation\/d\/e\/2PACX-1vQqy0QCoH3T_KMHOLXlnZgf0sSg3FtwfVl-ktL7d8KJDK0gZO56lljKIVOmmNRWImWJoq5Cd4oRbgJf\/pub?start=false&amp;loop=false&amp;delayms=3000\" target=\"_blank\">Presentation<\/a> <\/p>\n\n\n\n<iframe loading=\"lazy\" src=\"https:\/\/docs.google.com\/presentation\/d\/e\/2PACX-1vQqy0QCoH3T_KMHOLXlnZgf0sSg3FtwfVl-ktL7d8KJDK0gZO56lljKIVOmmNRWImWJoq5Cd4oRbgJf\/embed?start=false&#038;loop=false&#038;delayms=3000\" frameborder=\"0\" width=\"480\" height=\"299\" allowfullscreen=\"true\" mozallowfullscreen=\"true\" webkitallowfullscreen=\"true\"><\/iframe>\n","protected":false},"excerpt":{"rendered":"<p>Jag \u00e4r keynote-talare p\u00e5 Sunetdagarna 230420 i Eskilstuna med \u00e4mnet AI f\u00f6r effektivt l\u00e4rande. Det blir ganska m\u00e5nga presentationer om detta \u00e4mne men varje g\u00e5ng kommer det in lite nya tankar, speciellt om framtiden. Presentation<\/p>\n","protected":false},"author":1,"featured_media":4921,"comment_status":"open","ping_status":"open","sticky":false,"template":"","format":"standard","meta":{"footnotes":""},"categories":[1055,1054,1046,1044,1042],"tags":[],"class_list":["post-4920","post","type-post","status-publish","format-standard","has-post-thumbnail","hentry","category-ai","category-chatgpt","category-digitalisering","category-digitalisering-i-skolan","category-forelasningar"],"_links":{"self":[{"href":"https:\/\/www.parnes.com\/blog\/index.php\/wp-json\/wp\/v2\/posts\/4920","targetHints":{"allow":["GET"]}}],"collection":[{"href":"https:\/\/www.parnes.com\/blog\/index.php\/wp-json\/wp\/v2\/posts"}],"about":[{"href":"https:\/\/www.parnes.com\/blog\/index.php\/wp-json\/wp\/v2\/types\/post"}],"author":[{"embeddable":true,"href":"https:\/\/www.parnes.com\/blog\/index.php\/wp-json\/wp\/v2\/users\/1"}],"replies":[{"embeddable":true,"href":"https:\/\/www.parnes.com\/blog\/index.php\/wp-json\/wp\/v2\/comments?post=4920"}],"version-history":[{"count":1,"href":"https:\/\/www.parnes.com\/blog\/index.php\/wp-json\/wp\/v2\/posts\/4920\/revisions"}],"predecessor-version":[{"id":4922,"href":"https:\/\/www.parnes.com\/blog\/index.php\/wp-json\/wp\/v2\/posts\/4920\/revisions\/4922"}],"wp:featuredmedia":[{"embeddable":true,"href":"https:\/\/www.parnes.com\/blog\/index.php\/wp-json\/wp\/v2\/media\/4921"}],"wp:attachment":[{"href":"https:\/\/www.parnes.com\/blog\/index.php\/wp-json\/wp\/v2\/media?parent=4920"}],"wp:term":[{"taxonomy":"category","embeddable":true,"href":"https:\/\/www.parnes.com\/blog\/index.php\/wp-json\/wp\/v2\/categories?post=4920"},{"taxonomy":"post_tag","embeddable":true,"href":"https:\/\/www.parnes.com\/blog\/index.php\/wp-json\/wp\/v2\/tags?post=4920"}],"curies":[{"name":"wp","href":"https:\/\/api.w.org\/{rel}","templated":true}]}}