{"id":4080,"date":"2018-09-17T17:38:54","date_gmt":"2018-09-17T17:38:54","guid":{"rendered":"http:\/\/www.parnes.com\/blog\/?p=4080"},"modified":"2018-09-17T17:38:55","modified_gmt":"2018-09-17T17:38:55","slug":"avtal-pa-skoldatorer-en-avgiftsfri-skola","status":"publish","type":"post","link":"https:\/\/www.parnes.com\/blog\/index.php\/2018\/09\/17\/avtal-pa-skoldatorer-en-avgiftsfri-skola\/","title":{"rendered":"Avtal p\u00e5 skoldatorer &#8211; en avgiftsfri skola?"},"content":{"rendered":"\n<p>Dagens samh\u00e4llsinformation. Skolinspektionen har beslutat att skolan inte f\u00e5r kr\u00e4va att elever eller f\u00f6r\u00e4ldrar \u00e4r ers\u00e4ttningsskyldiga i samband med l\u00e5n av utrustning i skolan t.ex. dator, l\u00e4rplattor etc. eftersom alla verktyg som kr\u00e4vs f\u00f6r att delta i undervisningen ska vara gratis. G\u00e5r en dator s\u00f6nder s\u00e5 \u00e4r det skolan som ska ta ansvaret f\u00f6r reparation och ers\u00e4ttning. Om skolan anser att eleven har varit oaktsam s\u00e5 blir det ist\u00e4llet ett civilr\u00e4ttsligt fall (Tingsr\u00e4tt etc.).\u00a0Det \u00e4r flera beslut hos Skolinspektionen som ligger till bakgrund f\u00f6r detta (samt skollagen s\u00e5 klart om en avgiftsfri skola) men det senaste beslutet \u00e4r fr\u00e5n 20180831 (Dnr 41-2018:668) d\u00e4r V\u00e4stervik Kommun \u00e5l\u00e4ggs i praktiken att ta bort kravet p\u00e5 avtal f\u00f6r att f\u00e5 tillg\u00e5ng till dator. Detta m\u00e5ste implementeras senast 181001. Skolverket har vidare g\u00e5tt ut med att detta g\u00e4ller alla skolformer i landet.<\/p>\n\n\n\n<p>Om du som f\u00f6r\u00e4lder f\u00e5r ett s\u00e5dant avtal i din hand nu under h\u00f6sten s\u00e5 ska du helt enkelt inte skriva p\u00e5 det.<\/p>\n\n\n\n<p>Fr\u00e5n beslut 2018-668: &#8220;Skolinspektionen f\u00f6rel\u00e4gger V\u00e4sterviks kommun att senast den 1 oktober 2018 tillse att alla elever vid V\u00e4sterviks gymnasium har lika tillg\u00e5ng till utbildning oberoende av geografisk hemvist och sociala eller ekonomiska f\u00f6rh\u00e5llanden samt att eleverna utan kostnad har tillg\u00e5ng till de l\u00e4rverktyg som beh\u00f6vs f\u00f6r en tidsenlig utbildning. I detta ing\u00e5r att eleverna ska ha tillg\u00e5ng till en dator i den utstr\u00e4ckning utbildningens uppl\u00e4gg f\u00f6ruts\u00e4tter, utan att tillg\u00e5ngen villkoras av att v\u00e5rdnadshavare eller elev skriver under i \u00e4rendet aktuellt avtal.&#8221;<\/p>\n\n\n\n<div class=\"wp-block-file\"><a href=\"http:\/\/www.parnes.com\/wordpress\/wp-content\/uploads\/2018\/09\/Beslut-2017-7476.pdf\">Beslut 2017 7476<\/a><a href=\"http:\/\/www.parnes.com\/wordpress\/wp-content\/uploads\/2018\/09\/Beslut-2017-7476.pdf\" class=\"wp-block-file__button\" download=\"Beslut 2017 7476\">Ladda ner<\/a><\/div>\n\n\n\n<div class=\"wp-block-file\"><a href=\"http:\/\/www.parnes.com\/wordpress\/wp-content\/uploads\/2018\/09\/Beslut-2016-7801-1.pdf\">Beslut 2016 7801<\/a><a href=\"http:\/\/www.parnes.com\/wordpress\/wp-content\/uploads\/2018\/09\/Beslut-2016-7801-1.pdf\" class=\"wp-block-file__button\" download=\"Beslut 2016 7801\">Ladda ner<\/a><\/div>\n\n\n\n<div class=\"wp-block-file\"><a href=\"http:\/\/www.parnes.com\/wordpress\/wp-content\/uploads\/2018\/09\/Beslut-2018-668-1.pdf\">Beslut 2018 668<\/a><a href=\"http:\/\/www.parnes.com\/wordpress\/wp-content\/uploads\/2018\/09\/Beslut-2018-668-1.pdf\" class=\"wp-block-file__button\" download=\"Beslut 2018 668\">Ladda ner<\/a><\/div>\n","protected":false},"excerpt":{"rendered":"<p>Dagens samh\u00e4llsinformation. Skolinspektionen har beslutat att skolan inte f\u00e5r kr\u00e4va att elever eller f\u00f6r\u00e4ldrar \u00e4r ers\u00e4ttningsskyldiga i samband med l\u00e5n av utrustning i skolan t.ex. dator, l\u00e4rplattor etc. eftersom alla verktyg som kr\u00e4vs f\u00f6r att delta i undervisningen ska vara gratis. G\u00e5r en dator s\u00f6nder s\u00e5 \u00e4r det skolan som ska ta ansvaret f\u00f6r reparation &hellip; <a href=\"https:\/\/www.parnes.com\/blog\/index.php\/2018\/09\/17\/avtal-pa-skoldatorer-en-avgiftsfri-skola\/\" class=\"more-link\">Continue reading <span class=\"screen-reader-text\">Avtal p\u00e5 skoldatorer &#8211; en avgiftsfri skola?<\/span> <span class=\"meta-nav\">&rarr;<\/span><\/a><\/p>\n","protected":false},"author":1,"featured_media":0,"comment_status":"open","ping_status":"open","sticky":false,"template":"","format":"standard","meta":{"footnotes":""},"categories":[1044],"tags":[],"class_list":["post-4080","post","type-post","status-publish","format-standard","hentry","category-digitalisering-i-skolan"],"_links":{"self":[{"href":"https:\/\/www.parnes.com\/blog\/index.php\/wp-json\/wp\/v2\/posts\/4080","targetHints":{"allow":["GET"]}}],"collection":[{"href":"https:\/\/www.parnes.com\/blog\/index.php\/wp-json\/wp\/v2\/posts"}],"about":[{"href":"https:\/\/www.parnes.com\/blog\/index.php\/wp-json\/wp\/v2\/types\/post"}],"author":[{"embeddable":true,"href":"https:\/\/www.parnes.com\/blog\/index.php\/wp-json\/wp\/v2\/users\/1"}],"replies":[{"embeddable":true,"href":"https:\/\/www.parnes.com\/blog\/index.php\/wp-json\/wp\/v2\/comments?post=4080"}],"version-history":[{"count":1,"href":"https:\/\/www.parnes.com\/blog\/index.php\/wp-json\/wp\/v2\/posts\/4080\/revisions"}],"predecessor-version":[{"id":4086,"href":"https:\/\/www.parnes.com\/blog\/index.php\/wp-json\/wp\/v2\/posts\/4080\/revisions\/4086"}],"wp:attachment":[{"href":"https:\/\/www.parnes.com\/blog\/index.php\/wp-json\/wp\/v2\/media?parent=4080"}],"wp:term":[{"taxonomy":"category","embeddable":true,"href":"https:\/\/www.parnes.com\/blog\/index.php\/wp-json\/wp\/v2\/categories?post=4080"},{"taxonomy":"post_tag","embeddable":true,"href":"https:\/\/www.parnes.com\/blog\/index.php\/wp-json\/wp\/v2\/tags?post=4080"}],"curies":[{"name":"wp","href":"https:\/\/api.w.org\/{rel}","templated":true}]}}