{"id":4072,"date":"2018-09-05T09:03:36","date_gmt":"2018-09-05T09:03:36","guid":{"rendered":"http:\/\/www.parnes.com\/blog\/?p=4072"},"modified":"2018-09-05T09:03:37","modified_gmt":"2018-09-05T09:03:37","slug":"gastintervju-i-norrlandsbarometern-3-2018","status":"publish","type":"post","link":"https:\/\/www.parnes.com\/blog\/index.php\/2018\/09\/05\/gastintervju-i-norrlandsbarometern-3-2018\/","title":{"rendered":"G\u00e4stintervju i Norrlandsbarometern 3\/2018"},"content":{"rendered":"\n<p>Jag \u00e4r med i senaste numret av Norrlandsbarometern 3\/2018 med en intervju om framtiden.\u00a0<\/p>\n\n\n\n<figure class=\"wp-block-image\"><img loading=\"lazy\" decoding=\"async\" width=\"2400\" height=\"1800\" src=\"http:\/\/www.parnes.com\/wordpress\/wp-content\/uploads\/2018\/09\/NorrlandsBarometern320181.jpg\" alt=\"\" class=\"wp-image-4074\" srcset=\"https:\/\/www.parnes.com\/wordpress\/wp-content\/uploads\/2018\/09\/NorrlandsBarometern320181.jpg 2400w, https:\/\/www.parnes.com\/wordpress\/wp-content\/uploads\/2018\/09\/NorrlandsBarometern320181-300x225.jpg 300w, https:\/\/www.parnes.com\/wordpress\/wp-content\/uploads\/2018\/09\/NorrlandsBarometern320181-768x576.jpg 768w, https:\/\/www.parnes.com\/wordpress\/wp-content\/uploads\/2018\/09\/NorrlandsBarometern320181-1024x768.jpg 1024w\" sizes=\"auto, (max-width: 2400px) 100vw, 2400px\" \/><\/figure>\n\n\n\n<figure class=\"wp-block-image\"><img loading=\"lazy\" decoding=\"async\" width=\"2400\" height=\"1800\" src=\"http:\/\/www.parnes.com\/wordpress\/wp-content\/uploads\/2018\/09\/NorrlandsBarometern320182.jpg\" alt=\"\" class=\"wp-image-4073\" srcset=\"https:\/\/www.parnes.com\/wordpress\/wp-content\/uploads\/2018\/09\/NorrlandsBarometern320182.jpg 2400w, https:\/\/www.parnes.com\/wordpress\/wp-content\/uploads\/2018\/09\/NorrlandsBarometern320182-300x225.jpg 300w, https:\/\/www.parnes.com\/wordpress\/wp-content\/uploads\/2018\/09\/NorrlandsBarometern320182-768x576.jpg 768w, https:\/\/www.parnes.com\/wordpress\/wp-content\/uploads\/2018\/09\/NorrlandsBarometern320182-1024x768.jpg 1024w\" sizes=\"auto, (max-width: 2400px) 100vw, 2400px\" \/><\/figure>\n\n\n\n<p><strong>\u201dDen h\u00e4r branschen \u00e4r superhet!\u201d<\/strong><\/p>\n\n\n\n<p>Intelligenta bilar och teknik som r\u00e5der bot p\u00e5 den stora l\u00e4rarbristen i skolan.<\/p>\n\n\n\n<p>Norrlandsfonden l\u00e5ter Lule\u00e5professorn Peter Parnes spana in i en framtiden som \u00e4r n\u00e4rmare \u00e4n vad vi tror.<\/p>\n\n\n\n<p>Allt \u00e4r uppkopplat p\u00e5 n\u00e4tet idag. Och p\u00e5 fler s\u00e4tt \u00e4n vi tror, b\u00f6rjar Peter Parnes.<\/p>\n\n\n\n<p>Han \u00e4r professorn inom Distribuerade datorsystem vid Lule\u00e5 tekniska universitet som brinner f\u00f6r ny teknik och f\u00f6r hur denna kan underl\u00e4tta och g\u00f6ra v\u00e5r vardag b\u00e4ttre. Inte minst i skolan.<\/p>\n\n\n\n<p>Han \u00e4r ocks\u00e5 grundare av och kreativ motor i Lule\u00e5 Makerspace \u2013 och startade \u00e4ven Marratech, f\u00f6retaget som skapade en av v\u00e4rldens f\u00f6rsta s\u00e4kra IP-baserade videokonferenssystem och vars teknik sedan s\u00e5ldes till Google. D\u00e4r Peter f\u00f6r\u00f6vrigt arbetade som utvecklingschef i Sverige fram till 2009.<\/p>\n\n\n\n<p>Om du f\u00e5r g\u00f6ra en framtidsspaning med fokus p\u00e5 digitalisering och IoT \u2013 vad ser du d\u00e5?<\/p>\n\n\n\n<p>&#8211; Oj, jag ser hur mycket som helst. Redan nu finns en hel del sp\u00e4nnande f\u00f6retag och projekt. Och vinsterna av det h\u00e4r \u00e4r m\u00e5nga. Till exempel finns dr\u00f6nare som planterar tr\u00e4d och effektiviserar skogssk\u00f6tseln. Jag t\u00e4nker ocks\u00e5 p\u00e5 luftdata.se d\u00e4r m\u00e4nniskor sj\u00e4lva kan bygga m\u00e4tstationer som m\u00e4ter luftf\u00f6roreningar. D\u00e4r man kan se hur mycket utsl\u00e4pp det \u00e4r i ett omr\u00e5det och sedan bidra till ett b\u00e4ttre samh\u00e4lle. Det \u00e4r sp\u00e4nnande, s\u00e4ger Peter Parnes och forts\u00e4tter:<\/p>\n\n\n\n<p>&#8211; Servicem\u00e4ssigt finns hur mycket intressant som helst. Fj\u00e4rrstyrda, smartare bilar! Det \u00e4r inte en fr\u00e5ga OM utan N\u00c4R de kommer. Eftersom st\u00f6rsta olycksfaktorn vid bilolyckor \u00e4r m\u00e4nniskan, kommer det vara l\u00e4ttare att n\u00e5 nollvisionen p\u00e5 det h\u00e4r s\u00e4ttet. Jag tror ocks\u00e5 att det h\u00e4r kommer g\u00f6ra att det v\u00e4xer fram bilpooler. Man kanske inte \u00e4ger en egen bil. F\u00f6r att inte tala om intelligenta transporter, det vill s\u00e4ga leverans vid behov.<\/p>\n\n\n\n<p>Vad ser du mest fram emot sj\u00e4lv?<\/p>\n\n\n\n<p>&#8211; D\u00e5 det \u00e4r l\u00e4randet jag brinner f\u00f6r, ser jag fram emot hur den moderna tekniken kan hj\u00e4lpa oss att skapa l\u00e4rsituationer som passar alla. Sj\u00e4lvklart kan tekniken ocks\u00e5 vara till hj\u00e4lp i den extrema l\u00e4rarbrist som r\u00e5der.<\/p>\n\n\n\n<p>Ser du faror eller fasor med en \u00f6kad digitalisering?<\/p>\n\n\n\n<p>&#8211; Jag \u00e4r teknikoptimist och ser inte sj\u00e4lva tekniken som en fara. Visst finns det vissa problem, som de som hamnar utanf\u00f6r allt det h\u00e4r. Eller n\u00e4r man inte kan lita p\u00e5 en teknik som man \u00e4r helt beroende av. Ta BankID som exempel. Om det slutade funka skulle Sverige stanna.<\/p>\n\n\n\n<p>&#8211; Sedan finns det ocks\u00e5 en utmaning d\u00e4r algoritmerna tar beslut \u00e5t oss. I nya GDPR finns ju dock paragrafen som s\u00e4ger att vi har r\u00e4tt att f\u00e5 en ompr\u00f6vning av en m\u00e4nniska i de fall d\u00e4r felaktiga beslut tagits av en maskin.<\/p>\n\n\n\n<p>Har du \u00f6gonen p\u00e5 n\u00e5got extra sp\u00e4nnande f\u00f6retag i branschen, h\u00e4r i Norrland?<\/p>\n\n\n\n<p>&#8211; Det finns massor! Lule\u00e5grundade Behaviosec. De tar fram s\u00e4kerhetsl\u00f6sningar som identifierar anv\u00e4ndaren genom s\u00e5 kallad beteendem\u00e4ssig biometri. Med andra ord identifierar de personen genom hur den hanterar tangentbordet, musen, mobiltelefonen och appar.<\/p>\n\n\n\n<p>&#8211; Sedan Gemometrics utvecklar tekniska hj\u00e4lpmedel som s\u00e4gs ska revolutionera \u00e4delstensmarknadens s\u00e4tt att validera \u00e4delstenar. Och Emaintenance 365 som utvecklar en plattform som g\u00f6r det m\u00f6jligt att planera drift och underh\u00e5ll av fordon och maskiner utifr\u00e5n faktiska tillst\u00e5nd.<\/p>\n\n\n\n<p>Skulle du s\u00e4ga att riskkapitalet b\u00f6rjat intressera sig f\u00f6r omr\u00e5det?<\/p>\n\n\n\n<p>&#8211; Oh, ja! Det h\u00e4r \u00e4r superhett! Det r\u00e5der snarare brist p\u00e5 bra id\u00e9er \u00e4n m\u00f6jlighet att f\u00e5 st\u00f6d. Ett omr\u00e5de d\u00e4r riskkapitalisterna inte \u00e4r lika med p\u00e5 banan \u00e4r dataspelsbranschen. D\u00e4r finns stor utvecklingspotential. Men man f\u00f6rst\u00e5r inte alltid id\u00e9erna, s\u00e4ger Peter Parnes och forts\u00e4tter:<\/p>\n\n\n\n<p>&#8211; Som Fortnite, v\u00e4rldens just nu st\u00f6rsta spel. De s\u00e4ljer inga spel utan prylar i sj\u00e4lva spelet. Dessutom prylar som inte ger dig n\u00e5gra f\u00f6rdelar n\u00e4r du spelar, utan bara \u00e4r d\u00e4r f\u00f6r syns skull. I spelbranschen \u00e4r det ocks\u00e5 ofta s\u00e5 att du lyckas v\u00e4ldigt, v\u00e4ldigt bra eller inte alls. Och det h\u00e4r skr\u00e4mmer nog investerarna.<\/p>\n\n\n\n<p>Hur n\u00e4ra tror du den h\u00e4r framtiden \u00e4r?<\/p>\n\n\n\n<p>&#8211; P\u00e5 ett s\u00e4tt \u00e4r vi redan d\u00e4r. I till exempel Kina d\u00e4r man bygger v\u00e4ldigt mycket, har man och kommer man att ha helt andra m\u00f6jligheter att anpassa sig till ny teknik. I j\u00e4mf\u00f6relse med st\u00e4der d\u00e4r man i s\u00e5 fall m\u00e5ste b\u00f6rja om, bygga om.<\/p>\n\n\n\n<p>&#8211; Inom exempelvis offentliga f\u00f6rvaltningar ser vi mycket digitalisering. B\u00e5de p\u00e5 grund av nytta &#8211; och krav. Vi kan inte forts\u00e4tta skapa tj\u00e4nster och jobb som kr\u00e4ver m\u00e4nniskor i den utstr\u00e4ckning vi g\u00f6r. De kommer helt enkelt inte att r\u00e4cka till.<\/p>\n\n\n\n<p><\/p>\n","protected":false},"excerpt":{"rendered":"<p>Jag \u00e4r med i senaste numret av Norrlandsbarometern 3\/2018 med en intervju om framtiden.\u00a0 \u201dDen h\u00e4r branschen \u00e4r superhet!\u201d Intelligenta bilar och teknik som r\u00e5der bot p\u00e5 den stora l\u00e4rarbristen i skolan. Norrlandsfonden l\u00e5ter Lule\u00e5professorn Peter Parnes spana in i en framtiden som \u00e4r n\u00e4rmare \u00e4n vad vi tror. Allt \u00e4r uppkopplat p\u00e5 n\u00e4tet idag. &hellip; <a href=\"https:\/\/www.parnes.com\/blog\/index.php\/2018\/09\/05\/gastintervju-i-norrlandsbarometern-3-2018\/\" class=\"more-link\">Continue reading <span class=\"screen-reader-text\">G\u00e4stintervju i Norrlandsbarometern 3\/2018<\/span> <span class=\"meta-nav\">&rarr;<\/span><\/a><\/p>\n","protected":false},"author":1,"featured_media":0,"comment_status":"open","ping_status":"open","sticky":false,"template":"","format":"standard","meta":{"footnotes":""},"categories":[1],"tags":[],"class_list":["post-4072","post","type-post","status-publish","format-standard","hentry","category-uncategorized"],"_links":{"self":[{"href":"https:\/\/www.parnes.com\/blog\/index.php\/wp-json\/wp\/v2\/posts\/4072","targetHints":{"allow":["GET"]}}],"collection":[{"href":"https:\/\/www.parnes.com\/blog\/index.php\/wp-json\/wp\/v2\/posts"}],"about":[{"href":"https:\/\/www.parnes.com\/blog\/index.php\/wp-json\/wp\/v2\/types\/post"}],"author":[{"embeddable":true,"href":"https:\/\/www.parnes.com\/blog\/index.php\/wp-json\/wp\/v2\/users\/1"}],"replies":[{"embeddable":true,"href":"https:\/\/www.parnes.com\/blog\/index.php\/wp-json\/wp\/v2\/comments?post=4072"}],"version-history":[{"count":1,"href":"https:\/\/www.parnes.com\/blog\/index.php\/wp-json\/wp\/v2\/posts\/4072\/revisions"}],"predecessor-version":[{"id":4075,"href":"https:\/\/www.parnes.com\/blog\/index.php\/wp-json\/wp\/v2\/posts\/4072\/revisions\/4075"}],"wp:attachment":[{"href":"https:\/\/www.parnes.com\/blog\/index.php\/wp-json\/wp\/v2\/media?parent=4072"}],"wp:term":[{"taxonomy":"category","embeddable":true,"href":"https:\/\/www.parnes.com\/blog\/index.php\/wp-json\/wp\/v2\/categories?post=4072"},{"taxonomy":"post_tag","embeddable":true,"href":"https:\/\/www.parnes.com\/blog\/index.php\/wp-json\/wp\/v2\/tags?post=4072"}],"curies":[{"name":"wp","href":"https:\/\/api.w.org\/{rel}","templated":true}]}}