{"id":3573,"date":"2016-10-17T18:42:47","date_gmt":"2016-10-17T18:42:47","guid":{"rendered":"http:\/\/www.parnes.com\/blog\/?p=3573"},"modified":"2016-10-17T18:42:47","modified_gmt":"2016-10-17T18:42:47","slug":"oppen-lunchforelasning-om-digitalisering-i-skolan-161026","status":"publish","type":"post","link":"https:\/\/www.parnes.com\/blog\/index.php\/2016\/10\/17\/oppen-lunchforelasning-om-digitalisering-i-skolan-161026\/","title":{"rendered":"\u00d6ppen lunchf\u00f6rel\u00e4sning om digitalisering i skolan 161026"},"content":{"rendered":"<p>V\u00e4lkomna p\u00e5 lunchf\u00f6rel\u00e4sning med Prof. Peter Parnes. K\u00f6p din mat hos Uni:k och lyssna p\u00e5 ett intressant f\u00f6redrag om digitalisering i skolan!<\/p>\n<p><a href=\"http:\/\/www.parnes.com\/wordpress\/wp-content\/uploads\/2016\/10\/Makertjej161016-11.jpg\"><img loading=\"lazy\" decoding=\"async\" class=\"aligncenter size-medium wp-image-3574\" src=\"http:\/\/www.parnes.com\/wordpress\/wp-content\/uploads\/2016\/10\/Makertjej161016-11-300x225.jpg\" alt=\"makertjej161016-11\" width=\"300\" height=\"225\" srcset=\"https:\/\/www.parnes.com\/wordpress\/wp-content\/uploads\/2016\/10\/Makertjej161016-11-300x225.jpg 300w, https:\/\/www.parnes.com\/wordpress\/wp-content\/uploads\/2016\/10\/Makertjej161016-11-768x576.jpg 768w, https:\/\/www.parnes.com\/wordpress\/wp-content\/uploads\/2016\/10\/Makertjej161016-11-1024x768.jpg 1024w\" sizes=\"auto, (max-width: 300px) 100vw, 300px\" \/><\/a><br \/>\n&#8220;Hur b\u00f6r vi inf\u00f6ra datalogiskt t\u00e4nkande och digitalkunskap i skolan? Peter Parnes, professor i Distribuerade datorsystem vid Lule\u00e5 tekniska universitet, ber\u00e4ttar om arbetet lokalt och nationellt i samarbete med Skolverket. Vidare diskuteras hur unga kan g\u00e5 fr\u00e5n att vara konsumenter till producenter och hur vi kan f\u00e5 fler unga tjejer intresserade av teknik.&#8221;<\/p>\n<p>Plats: Vetenskapens Hus<br \/>\nDag: 161026<br \/>\nTid: 1200-1250<\/p>\n<p><strong>V\u00e4lkomna!\u00a0<\/strong><\/p>\n","protected":false},"excerpt":{"rendered":"<p>V\u00e4lkomna p\u00e5 lunchf\u00f6rel\u00e4sning med Prof. Peter Parnes. K\u00f6p din mat hos Uni:k och lyssna p\u00e5 ett intressant f\u00f6redrag om digitalisering i skolan! &#8220;Hur b\u00f6r vi inf\u00f6ra datalogiskt t\u00e4nkande och digitalkunskap i skolan? Peter Parnes, professor i Distribuerade datorsystem vid Lule\u00e5 tekniska universitet, ber\u00e4ttar om arbetet lokalt och nationellt i samarbete med Skolverket. Vidare diskuteras hur &hellip; <a href=\"https:\/\/www.parnes.com\/blog\/index.php\/2016\/10\/17\/oppen-lunchforelasning-om-digitalisering-i-skolan-161026\/\" class=\"more-link\">Continue reading <span class=\"screen-reader-text\">\u00d6ppen lunchf\u00f6rel\u00e4sning om digitalisering i skolan 161026<\/span> <span class=\"meta-nav\">&rarr;<\/span><\/a><\/p>\n","protected":false},"author":1,"featured_media":0,"comment_status":"open","ping_status":"open","sticky":false,"template":"","format":"standard","meta":{"footnotes":""},"categories":[1044,1042],"tags":[],"class_list":["post-3573","post","type-post","status-publish","format-standard","hentry","category-digitalisering-i-skolan","category-forelasningar"],"_links":{"self":[{"href":"https:\/\/www.parnes.com\/blog\/index.php\/wp-json\/wp\/v2\/posts\/3573","targetHints":{"allow":["GET"]}}],"collection":[{"href":"https:\/\/www.parnes.com\/blog\/index.php\/wp-json\/wp\/v2\/posts"}],"about":[{"href":"https:\/\/www.parnes.com\/blog\/index.php\/wp-json\/wp\/v2\/types\/post"}],"author":[{"embeddable":true,"href":"https:\/\/www.parnes.com\/blog\/index.php\/wp-json\/wp\/v2\/users\/1"}],"replies":[{"embeddable":true,"href":"https:\/\/www.parnes.com\/blog\/index.php\/wp-json\/wp\/v2\/comments?post=3573"}],"version-history":[{"count":1,"href":"https:\/\/www.parnes.com\/blog\/index.php\/wp-json\/wp\/v2\/posts\/3573\/revisions"}],"predecessor-version":[{"id":3575,"href":"https:\/\/www.parnes.com\/blog\/index.php\/wp-json\/wp\/v2\/posts\/3573\/revisions\/3575"}],"wp:attachment":[{"href":"https:\/\/www.parnes.com\/blog\/index.php\/wp-json\/wp\/v2\/media?parent=3573"}],"wp:term":[{"taxonomy":"category","embeddable":true,"href":"https:\/\/www.parnes.com\/blog\/index.php\/wp-json\/wp\/v2\/categories?post=3573"},{"taxonomy":"post_tag","embeddable":true,"href":"https:\/\/www.parnes.com\/blog\/index.php\/wp-json\/wp\/v2\/tags?post=3573"}],"curies":[{"name":"wp","href":"https:\/\/api.w.org\/{rel}","templated":true}]}}