{"id":3457,"date":"2016-06-15T12:56:14","date_gmt":"2016-06-15T12:56:14","guid":{"rendered":"http:\/\/www.parnes.com\/blog\/?p=3457"},"modified":"2016-06-16T06:26:35","modified_gmt":"2016-06-16T06:26:35","slug":"it-strategi-for-skolan-i-norrbotten","status":"publish","type":"post","link":"https:\/\/www.parnes.com\/blog\/index.php\/2016\/06\/15\/it-strategi-for-skolan-i-norrbotten\/","title":{"rendered":"IT-strategi f\u00f6r skolan i Norrbotten"},"content":{"rendered":"<p><span data-offset-key=\"5eufd-0-0\"><span data-text=\"true\">Jag och <\/span><\/span><span class=\"_5u8u\" spellcheck=\"false\" data-offset-key=\"5eufd-1-0\"><span data-offset-key=\"5eufd-1-0\"><span data-text=\"true\">Agneta Hedenstr\u00f6m<\/span><\/span><\/span><span data-offset-key=\"5eufd-2-0\"><span data-text=\"true\"> har ett nytt sp\u00e4nnande uppdrag. Vi ska arbeta fram ett f\u00f6rslag f\u00f6r en ny IT-strategi f\u00f6r skolan i hela Norrbotten. Detta blir en del av den \u00f6vergripande IT-strategin f\u00f6r Norrbotten som t\u00e4cker alla industrier och delar av samh\u00e4llet. <\/span><\/span><\/p>\n<p><span data-offset-key=\"5eufd-2-0\"><span data-text=\"true\">Steg 1 \u00e4r en sammanfattning av nul\u00e4get i f\u00f6rh\u00e5llande till vad som sker i Sverige och resten av v\u00e4rlden samt ta fram konkreta f\u00f6rslag p\u00e5 \u00e5tg\u00e4rder. Steg 2 \u00e4r att f\u00f6rankra och arbeta fram en konkret handlingsplan. Detta arbete p\u00e5g\u00e5r under resten av 2016.<\/span><\/span><\/p>\n<p>Uppdragsgivare \u00e4r L\u00e4nsstyrelsen.<\/p>\n<p><em>Skoj!!\u00a0<\/em><\/p>\n","protected":false},"excerpt":{"rendered":"<p>Jag och Agneta Hedenstr\u00f6m har ett nytt sp\u00e4nnande uppdrag. Vi ska arbeta fram ett f\u00f6rslag f\u00f6r en ny IT-strategi f\u00f6r skolan i hela Norrbotten. Detta blir en del av den \u00f6vergripande IT-strategin f\u00f6r Norrbotten som t\u00e4cker alla industrier och delar av samh\u00e4llet. Steg 1 \u00e4r en sammanfattning av nul\u00e4get i f\u00f6rh\u00e5llande till vad som sker &hellip; <a href=\"https:\/\/www.parnes.com\/blog\/index.php\/2016\/06\/15\/it-strategi-for-skolan-i-norrbotten\/\" class=\"more-link\">Continue reading <span class=\"screen-reader-text\">IT-strategi f\u00f6r skolan i Norrbotten<\/span> <span class=\"meta-nav\">&rarr;<\/span><\/a><\/p>\n","protected":false},"author":1,"featured_media":0,"comment_status":"open","ping_status":"open","sticky":false,"template":"","format":"standard","meta":{"footnotes":""},"categories":[1044],"tags":[],"class_list":["post-3457","post","type-post","status-publish","format-standard","hentry","category-digitalisering-i-skolan"],"_links":{"self":[{"href":"https:\/\/www.parnes.com\/blog\/index.php\/wp-json\/wp\/v2\/posts\/3457","targetHints":{"allow":["GET"]}}],"collection":[{"href":"https:\/\/www.parnes.com\/blog\/index.php\/wp-json\/wp\/v2\/posts"}],"about":[{"href":"https:\/\/www.parnes.com\/blog\/index.php\/wp-json\/wp\/v2\/types\/post"}],"author":[{"embeddable":true,"href":"https:\/\/www.parnes.com\/blog\/index.php\/wp-json\/wp\/v2\/users\/1"}],"replies":[{"embeddable":true,"href":"https:\/\/www.parnes.com\/blog\/index.php\/wp-json\/wp\/v2\/comments?post=3457"}],"version-history":[{"count":2,"href":"https:\/\/www.parnes.com\/blog\/index.php\/wp-json\/wp\/v2\/posts\/3457\/revisions"}],"predecessor-version":[{"id":3468,"href":"https:\/\/www.parnes.com\/blog\/index.php\/wp-json\/wp\/v2\/posts\/3457\/revisions\/3468"}],"wp:attachment":[{"href":"https:\/\/www.parnes.com\/blog\/index.php\/wp-json\/wp\/v2\/media?parent=3457"}],"wp:term":[{"taxonomy":"category","embeddable":true,"href":"https:\/\/www.parnes.com\/blog\/index.php\/wp-json\/wp\/v2\/categories?post=3457"},{"taxonomy":"post_tag","embeddable":true,"href":"https:\/\/www.parnes.com\/blog\/index.php\/wp-json\/wp\/v2\/tags?post=3457"}],"curies":[{"name":"wp","href":"https:\/\/api.w.org\/{rel}","templated":true}]}}