{"id":3339,"date":"2016-01-29T17:54:44","date_gmt":"2016-01-29T17:54:44","guid":{"rendered":"http:\/\/www.parnes.com\/blog\/?p=3339"},"modified":"2016-01-29T17:54:44","modified_gmt":"2016-01-29T17:54:44","slug":"minnesstund-for-en-ung-dod-man","status":"publish","type":"post","link":"https:\/\/www.parnes.com\/blog\/index.php\/2016\/01\/29\/minnesstund-for-en-ung-dod-man\/","title":{"rendered":"Minnesstund f\u00f6r en ung d\u00f6d man"},"content":{"rendered":"<p>Idag deltog jag i en minnesstund f\u00f6r den <a href=\"https:\/\/www.parnes.com\/blog\/index.php\/2016\/01\/26\/en-dod-ung-man\/\" target=\"_blank\">unga d\u00f6da studenten<\/a> som tidigare gick p\u00e5 LTU och som jag skrev om tidigare i veckan. Det var tungt. Det har varit en tung vecka. Det \u00e4r m\u00e5nga som d\u00f6r i v\u00e4rlden men n\u00e4r d\u00f6den kommer n\u00e4ra en s\u00e5 \u00e4r det n\u00e5got annat och just denna students d\u00f6d har tagit mig h\u00e5rt.<\/p>\n<p>Jag har funderat p\u00e5 vad som ligger bakom och m\u00e5nga gamla minnen rycks upp ur minnets brunnar. T.ex. var det en klasskamrat som tog livet av sig 1994 under mitt sista \u00e5r p\u00e5 LTU. \u00a0Tungt.<\/p>\n<p>F\u00f6r n\u00e5gra \u00e5r sedan m\u00e5dde jag sj\u00e4lv inte s\u00e5 bra och det som bubblade upp idag p\u00e5 eftermiddagen under ett samtal var att jag sj\u00e4lv har g\u00e5tt p\u00e5 just &#8220;den platsen&#8221; och t\u00e4nkt djupa jobbiga tankar om livet. Tungt.<\/p>\n<p>Jag tog mig ur mina tunga tankar \u00e4ven om jag f\u00e5r &#8220;\u00e5terfall&#8221; ibland och m\u00e5r d\u00e5ligt. Den stora fr\u00e5gan \u00e4r varf\u00f6r det \u00e4r s\u00e5 sv\u00e5rt och tabu att prata om hur man m\u00e5r? \u00c4r vi extra d\u00e5liga p\u00e5 just det i den svenska kulturen? Om man\u00a0blir fysiskt sjuk s\u00e5 \u00e4r det f\u00e5 som inte s\u00e4ger att de \u00e4r sjuka f\u00f6r f\u00e5 st\u00f6d men deprimerade m\u00e4nniskor h\u00e5ller inne med det. Eller?<\/p>\n<p>En annan tanke som kommit upp i mitt sinne denna vecka \u00e4r vilket st\u00f6d man f\u00e5r av sin arbetsplats. H\u00e4r tycker jag tyv\u00e4rr min nuvarande prim\u00e4ra arbetsplats \u00e4r v\u00e4ldigt d\u00e5lig p\u00e5 just det. Ring Previa \u00e4r svaret och inte s\u00e5 mycket mer. N\u00e4r jag skulle skilja mig s\u00e5 m\u00e5dde jag inte s\u00e5 bra och ropade p\u00e5 hj\u00e4lp lite till h\u00f6ger och v\u00e4nster och d\u00e4ribland p\u00e5 min arbetsplats men jag fick extremt lite respons. Det var typ f\u00f6ljande fr\u00e5n min chef: &#8220;S\u00e4g till om jag kan hj\u00e4lpa till med n\u00e5got.&#8221; men inget mer.<\/p>\n<p>Tillbaka till den d\u00f6de unge mannen&#8230; som jag skrev tidigare s\u00e5 har jag g\u00e5tt v\u00e4ldigt ofta just d\u00e4r vi hittade honom. Kunde\u00a0vi g\u00e5tt d\u00e4r tidigare i veckan? Hade han varit vi livet om vi kommit vid r\u00e4tt stund och kunna hj\u00e4lpa honom? Sj\u00e4lvklart \u00e4r det inte mitt fel men fr\u00e5gan maler \u00e4nd\u00e5, kunde jag gjort mer? T\u00e4nk om det finns andra bland &#8220;mina&#8221; studenter som t\u00e4nker likadant utan att v\u00e5ga s\u00e4ga n\u00e5got? Det \u00e4r f\u00f6r sent f\u00f6r den unge d\u00f6de mannen men hur kan jag hj\u00e4lpa de som fortfarande \u00e4r i livet och f\u00f6r vilka det inte \u00e4r f\u00f6r sent?<\/p>\n<p>S\u00e5 m\u00e5nga tankar&#8230; S\u00e5 m\u00e5nga s\u00f6mnl\u00f6sa timmar&#8230; S\u00e5 ont i hj\u00e4rtat&#8230;<\/p>\n<p>Kram till alla d\u00e4r ute som beh\u00f6ver en extra kram och jag skickar en invit till alla som beh\u00f6ver n\u00e5gon att prata med. Om det k\u00e4nns r\u00e4tt s\u00e5 finns jag h\u00e4r om ni vill ha n\u00e5gon att prata med.<\/p>\n<p>\/En utmattad professor som skriver detta till tonerna av <a href=\"https:\/\/open.spotify.com\/track\/5NTA3dsB2DlLaSG1KM6RTh\" target=\"_blank\">The River av Bruce<\/a> och nu ska se om han inte kan f\u00e5 sig en kram.<\/p>\n","protected":false},"excerpt":{"rendered":"<p>Idag deltog jag i en minnesstund f\u00f6r den unga d\u00f6da studenten som tidigare gick p\u00e5 LTU och som jag skrev om tidigare i veckan. Det var tungt. Det har varit en tung vecka. Det \u00e4r m\u00e5nga som d\u00f6r i v\u00e4rlden men n\u00e4r d\u00f6den kommer n\u00e4ra en s\u00e5 \u00e4r det n\u00e5got annat och just denna students &hellip; <a href=\"https:\/\/www.parnes.com\/blog\/index.php\/2016\/01\/29\/minnesstund-for-en-ung-dod-man\/\" class=\"more-link\">Continue reading <span class=\"screen-reader-text\">Minnesstund f\u00f6r en ung d\u00f6d man<\/span> <span class=\"meta-nav\">&rarr;<\/span><\/a><\/p>\n","protected":false},"author":1,"featured_media":0,"comment_status":"open","ping_status":"open","sticky":false,"template":"","format":"standard","meta":{"footnotes":""},"categories":[4],"tags":[],"class_list":["post-3339","post","type-post","status-publish","format-standard","hentry","category-drpeppar"],"_links":{"self":[{"href":"https:\/\/www.parnes.com\/blog\/index.php\/wp-json\/wp\/v2\/posts\/3339","targetHints":{"allow":["GET"]}}],"collection":[{"href":"https:\/\/www.parnes.com\/blog\/index.php\/wp-json\/wp\/v2\/posts"}],"about":[{"href":"https:\/\/www.parnes.com\/blog\/index.php\/wp-json\/wp\/v2\/types\/post"}],"author":[{"embeddable":true,"href":"https:\/\/www.parnes.com\/blog\/index.php\/wp-json\/wp\/v2\/users\/1"}],"replies":[{"embeddable":true,"href":"https:\/\/www.parnes.com\/blog\/index.php\/wp-json\/wp\/v2\/comments?post=3339"}],"version-history":[{"count":1,"href":"https:\/\/www.parnes.com\/blog\/index.php\/wp-json\/wp\/v2\/posts\/3339\/revisions"}],"predecessor-version":[{"id":3340,"href":"https:\/\/www.parnes.com\/blog\/index.php\/wp-json\/wp\/v2\/posts\/3339\/revisions\/3340"}],"wp:attachment":[{"href":"https:\/\/www.parnes.com\/blog\/index.php\/wp-json\/wp\/v2\/media?parent=3339"}],"wp:term":[{"taxonomy":"category","embeddable":true,"href":"https:\/\/www.parnes.com\/blog\/index.php\/wp-json\/wp\/v2\/categories?post=3339"},{"taxonomy":"post_tag","embeddable":true,"href":"https:\/\/www.parnes.com\/blog\/index.php\/wp-json\/wp\/v2\/tags?post=3339"}],"curies":[{"name":"wp","href":"https:\/\/api.w.org\/{rel}","templated":true}]}}