{"id":3328,"date":"2016-01-12T15:46:56","date_gmt":"2016-01-12T15:46:56","guid":{"rendered":"http:\/\/www.parnes.com\/blog\/?p=3328"},"modified":"2016-01-12T15:47:05","modified_gmt":"2016-01-12T15:47:05","slug":"skolutveckling-i-overtornea","status":"publish","type":"post","link":"https:\/\/www.parnes.com\/blog\/index.php\/2016\/01\/12\/skolutveckling-i-overtornea\/","title":{"rendered":"Skolutveckling i \u00d6vertorne\u00e5 160113"},"content":{"rendered":"<p>160113 \u00e4r det dags f\u00f6r digitalisering i skolan i \u00d6vertorne\u00e5. Jag och Agneta h\u00e5ller en f\u00f6rel\u00e4sning f\u00f6r l\u00e4rare, rektorer och skolledare!<\/p>\n<p style=\"text-align: center;\"><iframe loading=\"lazy\" src=\"https:\/\/docs.google.com\/presentation\/d\/1T3OgBlp6c7qY1ECkljZ-nRFdjc1XoIdbtYzYUvtz_PM\/embed?start=false&amp;loop=false&amp;delayms=3000\" width=\"480\" height=\"389\" frameborder=\"0\" allowfullscreen=\"allowfullscreen\"><\/iframe><\/p>\n","protected":false},"excerpt":{"rendered":"<p>160113 \u00e4r det dags f\u00f6r digitalisering i skolan i \u00d6vertorne\u00e5. Jag och Agneta h\u00e5ller en f\u00f6rel\u00e4sning f\u00f6r l\u00e4rare, rektorer och skolledare!<\/p>\n","protected":false},"author":1,"featured_media":0,"comment_status":"open","ping_status":"open","sticky":false,"template":"","format":"standard","meta":{"footnotes":""},"categories":[1042],"tags":[],"class_list":["post-3328","post","type-post","status-publish","format-standard","hentry","category-forelasningar"],"_links":{"self":[{"href":"https:\/\/www.parnes.com\/blog\/index.php\/wp-json\/wp\/v2\/posts\/3328","targetHints":{"allow":["GET"]}}],"collection":[{"href":"https:\/\/www.parnes.com\/blog\/index.php\/wp-json\/wp\/v2\/posts"}],"about":[{"href":"https:\/\/www.parnes.com\/blog\/index.php\/wp-json\/wp\/v2\/types\/post"}],"author":[{"embeddable":true,"href":"https:\/\/www.parnes.com\/blog\/index.php\/wp-json\/wp\/v2\/users\/1"}],"replies":[{"embeddable":true,"href":"https:\/\/www.parnes.com\/blog\/index.php\/wp-json\/wp\/v2\/comments?post=3328"}],"version-history":[{"count":2,"href":"https:\/\/www.parnes.com\/blog\/index.php\/wp-json\/wp\/v2\/posts\/3328\/revisions"}],"predecessor-version":[{"id":3330,"href":"https:\/\/www.parnes.com\/blog\/index.php\/wp-json\/wp\/v2\/posts\/3328\/revisions\/3330"}],"wp:attachment":[{"href":"https:\/\/www.parnes.com\/blog\/index.php\/wp-json\/wp\/v2\/media?parent=3328"}],"wp:term":[{"taxonomy":"category","embeddable":true,"href":"https:\/\/www.parnes.com\/blog\/index.php\/wp-json\/wp\/v2\/categories?post=3328"},{"taxonomy":"post_tag","embeddable":true,"href":"https:\/\/www.parnes.com\/blog\/index.php\/wp-json\/wp\/v2\/tags?post=3328"}],"curies":[{"name":"wp","href":"https:\/\/api.w.org\/{rel}","templated":true}]}}