{"id":3296,"date":"2015-11-23T09:53:42","date_gmt":"2015-11-23T09:53:42","guid":{"rendered":"http:\/\/www.parnes.com\/blog\/?p=3296"},"modified":"2015-11-23T19:19:08","modified_gmt":"2015-11-23T19:19:08","slug":"makerkultur-som-drivkraft-for-kreativt-larande-i-skolan-internetdagarna-20151123","status":"publish","type":"post","link":"https:\/\/www.parnes.com\/blog\/index.php\/2015\/11\/23\/makerkultur-som-drivkraft-for-kreativt-larande-i-skolan-internetdagarna-20151123\/","title":{"rendered":"Makerkultur som drivkraft f\u00f6r  kreativt l\u00e4rande i skolan! &#8211; Internetdagarna 20151123"},"content":{"rendered":"<p>I eftermiddag kan ni h\u00f6ra mig prata p\u00e5 Internetdagarna\u200b om lite av det jag g\u00f6r f\u00f6r att f\u00e5 fler unga intresserade av datateknik. H\u00e4r \u00e4r mina bilder:<\/p>\n<p style=\"text-align: center;\"><iframe loading=\"lazy\" src=\"https:\/\/docs.google.com\/presentation\/d\/14W-egk2uj9GEiJuiB3eTxub3shP4E6LIybD_Pv8Y7Lo\/embed?start=false&amp;loop=false&amp;delayms=3000\" width=\"480\" height=\"389\" frameborder=\"0\" allowfullscreen=\"allowfullscreen\"><\/iframe><\/p>\n<p><del>och ni kan f\u00f6lja det det live h\u00e4r:\u00a0<\/del> H\u00e4r \u00e4r en inspelning. Vid 1:27:00 hittar ni Agneta och 4:16:35 hittar ni mig.<\/p>\n<p style=\"text-align: center;\"><iframe loading=\"lazy\" src=\"https:\/\/www.youtube-nocookie.com\/embed\/xBDZoqCWpxA?list=PLtDs7N_g_eiY8OlJSkBBrBfREBwtjDAQ-\" width=\"560\" height=\"315\" frameborder=\"0\" allowfullscreen=\"allowfullscreen\"><\/iframe><\/p>\n<p>Ca 1435 pratar jag.<\/p>\n<p>Ps. Ca 1210 kan ni se Agneta Hedenstr\u00f6m\u200b live p\u00e5 samma sida.<\/p>\n","protected":false},"excerpt":{"rendered":"<p>I eftermiddag kan ni h\u00f6ra mig prata p\u00e5 Internetdagarna\u200b om lite av det jag g\u00f6r f\u00f6r att f\u00e5 fler unga intresserade av datateknik. H\u00e4r \u00e4r mina bilder: och ni kan f\u00f6lja det det live h\u00e4r:\u00a0 H\u00e4r \u00e4r en inspelning. Vid 1:27:00 hittar ni Agneta och 4:16:35 hittar ni mig. Ca 1435 pratar jag. Ps. Ca &hellip; <a href=\"https:\/\/www.parnes.com\/blog\/index.php\/2015\/11\/23\/makerkultur-som-drivkraft-for-kreativt-larande-i-skolan-internetdagarna-20151123\/\" class=\"more-link\">Continue reading <span class=\"screen-reader-text\">Makerkultur som drivkraft f\u00f6r  kreativt l\u00e4rande i skolan! &#8211; Internetdagarna 20151123<\/span> <span class=\"meta-nav\">&rarr;<\/span><\/a><\/p>\n","protected":false},"author":1,"featured_media":0,"comment_status":"open","ping_status":"open","sticky":false,"template":"","format":"standard","meta":{"footnotes":""},"categories":[1042],"tags":[],"class_list":["post-3296","post","type-post","status-publish","format-standard","hentry","category-forelasningar"],"_links":{"self":[{"href":"https:\/\/www.parnes.com\/blog\/index.php\/wp-json\/wp\/v2\/posts\/3296","targetHints":{"allow":["GET"]}}],"collection":[{"href":"https:\/\/www.parnes.com\/blog\/index.php\/wp-json\/wp\/v2\/posts"}],"about":[{"href":"https:\/\/www.parnes.com\/blog\/index.php\/wp-json\/wp\/v2\/types\/post"}],"author":[{"embeddable":true,"href":"https:\/\/www.parnes.com\/blog\/index.php\/wp-json\/wp\/v2\/users\/1"}],"replies":[{"embeddable":true,"href":"https:\/\/www.parnes.com\/blog\/index.php\/wp-json\/wp\/v2\/comments?post=3296"}],"version-history":[{"count":3,"href":"https:\/\/www.parnes.com\/blog\/index.php\/wp-json\/wp\/v2\/posts\/3296\/revisions"}],"predecessor-version":[{"id":3299,"href":"https:\/\/www.parnes.com\/blog\/index.php\/wp-json\/wp\/v2\/posts\/3296\/revisions\/3299"}],"wp:attachment":[{"href":"https:\/\/www.parnes.com\/blog\/index.php\/wp-json\/wp\/v2\/media?parent=3296"}],"wp:term":[{"taxonomy":"category","embeddable":true,"href":"https:\/\/www.parnes.com\/blog\/index.php\/wp-json\/wp\/v2\/categories?post=3296"},{"taxonomy":"post_tag","embeddable":true,"href":"https:\/\/www.parnes.com\/blog\/index.php\/wp-json\/wp\/v2\/tags?post=3296"}],"curies":[{"name":"wp","href":"https:\/\/api.w.org\/{rel}","templated":true}]}}