{"id":3274,"date":"2015-10-27T11:40:36","date_gmt":"2015-10-27T11:40:36","guid":{"rendered":"http:\/\/www.parnes.com\/blog\/?p=3274"},"modified":"2015-10-27T11:40:45","modified_gmt":"2015-10-27T11:40:45","slug":"sett-syd-2015-i-malmo","status":"publish","type":"post","link":"https:\/\/www.parnes.com\/blog\/index.php\/2015\/10\/27\/sett-syd-2015-i-malmo\/","title":{"rendered":"SETT Syd 2015 i Malm\u00f6"},"content":{"rendered":"<p>Idag \u00e4r det <a href=\"http:\/\/www.settsyd.se\/\" target=\"_blank\">SETT SYD<\/a>\u200b i Malm\u00f6 som g\u00e4ller. Jag och Agneta\u200b Hedenstr\u00f6m f\u00f6rel\u00e4ser (igen)! #settsyd2015<\/p>\n<p style=\"text-align: center;\"><iframe loading=\"lazy\" src=\"https:\/\/docs.google.com\/presentation\/d\/1ExWi4gv_wjV6f_G22V5l1eEho_h-V3iAfoMJ-2BRo-0\/embed?start=false&#038;loop=false&#038;delayms=3000\" frameborder=\"0\" width=\"480\" height=\"389\" allowfullscreen=\"true\" mozallowfullscreen=\"true\" webkitallowfullscreen=\"true\"><\/iframe><\/p>\n","protected":false},"excerpt":{"rendered":"<p>Idag \u00e4r det SETT SYD\u200b i Malm\u00f6 som g\u00e4ller. Jag och Agneta\u200b Hedenstr\u00f6m f\u00f6rel\u00e4ser (igen)! #settsyd2015<\/p>\n","protected":false},"author":1,"featured_media":0,"comment_status":"open","ping_status":"open","sticky":false,"template":"","format":"standard","meta":{"footnotes":""},"categories":[1042],"tags":[],"class_list":["post-3274","post","type-post","status-publish","format-standard","hentry","category-forelasningar"],"_links":{"self":[{"href":"https:\/\/www.parnes.com\/blog\/index.php\/wp-json\/wp\/v2\/posts\/3274","targetHints":{"allow":["GET"]}}],"collection":[{"href":"https:\/\/www.parnes.com\/blog\/index.php\/wp-json\/wp\/v2\/posts"}],"about":[{"href":"https:\/\/www.parnes.com\/blog\/index.php\/wp-json\/wp\/v2\/types\/post"}],"author":[{"embeddable":true,"href":"https:\/\/www.parnes.com\/blog\/index.php\/wp-json\/wp\/v2\/users\/1"}],"replies":[{"embeddable":true,"href":"https:\/\/www.parnes.com\/blog\/index.php\/wp-json\/wp\/v2\/comments?post=3274"}],"version-history":[{"count":2,"href":"https:\/\/www.parnes.com\/blog\/index.php\/wp-json\/wp\/v2\/posts\/3274\/revisions"}],"predecessor-version":[{"id":3276,"href":"https:\/\/www.parnes.com\/blog\/index.php\/wp-json\/wp\/v2\/posts\/3274\/revisions\/3276"}],"wp:attachment":[{"href":"https:\/\/www.parnes.com\/blog\/index.php\/wp-json\/wp\/v2\/media?parent=3274"}],"wp:term":[{"taxonomy":"category","embeddable":true,"href":"https:\/\/www.parnes.com\/blog\/index.php\/wp-json\/wp\/v2\/categories?post=3274"},{"taxonomy":"post_tag","embeddable":true,"href":"https:\/\/www.parnes.com\/blog\/index.php\/wp-json\/wp\/v2\/tags?post=3274"}],"curies":[{"name":"wp","href":"https:\/\/api.w.org\/{rel}","templated":true}]}}