{"id":3202,"date":"2015-05-07T20:18:39","date_gmt":"2015-05-07T20:18:39","guid":{"rendered":"http:\/\/www.parnes.com\/wordpress\/index.php\/2015\/05\/07\/avslutningstalare_pa_framtiden\/"},"modified":"2015-05-07T20:18:39","modified_gmt":"2015-05-07T20:18:39","slug":"avslutningstalare_pa_framtiden","status":"publish","type":"post","link":"https:\/\/www.parnes.com\/blog\/index.php\/2015\/05\/07\/avslutningstalare_pa_framtiden\/","title":{"rendered":"Avslutningstalare p\u00e5 Framtidens L\u00e4rande"},"content":{"rendered":"<p>Idag var jag avslutningstalare p\u00e5 <a href=\"http:\/\/www2.diu.se\/framlar\/\">Framtidens L\u00e4rande<\/a> och h\u00e4r \u00e4r mina bilder:&nbsp;<\/p>\n<div><\/div>\n<div><\/div>\n<p><iframe loading=\"lazy\" src=\"https:\/\/docs.google.com\/presentation\/d\/1IDHlDBFafKhyURAQwdTgMJYHciMiVZzbaH1jM4udGcs\/embed?start=false&amp;loop=false&amp;delayms=3000\" frameborder=\"0\" width=\"480\" height=\"389\" allowfullscreen=\"true\" mozallowfullscreen=\"true\" webkitallowfullscreen=\"true\"><\/iframe><\/p>\n<div><\/div>\n<div>Och h\u00e4r \u00e4r jag p\u00e5 scen:&nbsp;<\/div>\n<div><\/div>\n<div><a href=\"https:\/\/www.parnes.com\/blog\/assets_c\/2015\/05\/parnesFL1-2563.html\" onclick=\"window.open('https:\/\/www.parnes.com\/blog\/assets_c\/2015\/05\/parnesFL1-2563.html','popup','width=960,height=720,scrollbars=no,resizable=no,toolbar=no,directories=no,location=no,menubar=no,status=no,left=0,top=0'); return false\"><img loading=\"lazy\" decoding=\"async\" src=\"https:\/\/www.parnes.com\/blog\/assets_c\/2015\/05\/parnesFL1-thumb-450x337-2563.jpg\" width=\"450\" height=\"337\" alt=\"parnesFL1.jpg\" class=\"mt-image-center\" style=\"text-align: center; display: block; margin: 0 auto 20px;\" \/><\/a><\/div>\n<div><a href=\"https:\/\/www.parnes.com\/blog\/assets_c\/2015\/05\/ParnesFL2-2566.html\" onclick=\"window.open('https:\/\/www.parnes.com\/blog\/assets_c\/2015\/05\/ParnesFL2-2566.html','popup','width=960,height=720,scrollbars=no,resizable=no,toolbar=no,directories=no,location=no,menubar=no,status=no,left=0,top=0'); return false\"><img loading=\"lazy\" decoding=\"async\" src=\"https:\/\/www.parnes.com\/blog\/assets_c\/2015\/05\/ParnesFL2-thumb-450x337-2566.jpg\" width=\"450\" height=\"337\" alt=\"ParnesFL2.jpg\" class=\"mt-image-center\" style=\"text-align: center; display: block; margin: 0 auto 20px;\" \/><\/a><\/div>\n<div><\/div>\n","protected":false},"excerpt":{"rendered":"<p>Idag var jag avslutningstalare p\u00e5 Framtidens L\u00e4rande och h\u00e4r \u00e4r mina bilder:&nbsp; Och h\u00e4r \u00e4r jag p\u00e5 scen:&nbsp;<\/p>\n","protected":false},"author":1,"featured_media":0,"comment_status":"open","ping_status":"open","sticky":false,"template":"","format":"standard","meta":{"footnotes":""},"categories":[422],"tags":[],"class_list":["post-3202","post","type-post","status-publish","format-standard","hentry","category-research"],"_links":{"self":[{"href":"https:\/\/www.parnes.com\/blog\/index.php\/wp-json\/wp\/v2\/posts\/3202","targetHints":{"allow":["GET"]}}],"collection":[{"href":"https:\/\/www.parnes.com\/blog\/index.php\/wp-json\/wp\/v2\/posts"}],"about":[{"href":"https:\/\/www.parnes.com\/blog\/index.php\/wp-json\/wp\/v2\/types\/post"}],"author":[{"embeddable":true,"href":"https:\/\/www.parnes.com\/blog\/index.php\/wp-json\/wp\/v2\/users\/1"}],"replies":[{"embeddable":true,"href":"https:\/\/www.parnes.com\/blog\/index.php\/wp-json\/wp\/v2\/comments?post=3202"}],"version-history":[{"count":0,"href":"https:\/\/www.parnes.com\/blog\/index.php\/wp-json\/wp\/v2\/posts\/3202\/revisions"}],"wp:attachment":[{"href":"https:\/\/www.parnes.com\/blog\/index.php\/wp-json\/wp\/v2\/media?parent=3202"}],"wp:term":[{"taxonomy":"category","embeddable":true,"href":"https:\/\/www.parnes.com\/blog\/index.php\/wp-json\/wp\/v2\/categories?post=3202"},{"taxonomy":"post_tag","embeddable":true,"href":"https:\/\/www.parnes.com\/blog\/index.php\/wp-json\/wp\/v2\/tags?post=3202"}],"curies":[{"name":"wp","href":"https:\/\/api.w.org\/{rel}","templated":true}]}}