{"id":3188,"date":"2015-03-04T18:46:32","date_gmt":"2015-03-04T18:46:32","guid":{"rendered":"http:\/\/www.parnes.com\/wordpress\/index.php\/2015\/03\/04\/makerdays_2015_i_goteborg\/"},"modified":"2015-03-04T18:46:32","modified_gmt":"2015-03-04T18:46:32","slug":"makerdays_2015_i_goteborg","status":"publish","type":"post","link":"https:\/\/www.parnes.com\/blog\/index.php\/2015\/03\/04\/makerdays_2015_i_goteborg\/","title":{"rendered":"MakerDays 2015 i G\u00f6teborg"},"content":{"rendered":"<p>Har precis avlutat MakerDays, en 2-dagarskonferens om Making i skolan. Otroligt skoj och inspirerande \u00e4ven om jag blev mer en l\u00e4rare \u00e4n en elev i de praktiska workshopparna.&nbsp;<\/p>\n<div><\/div>\n<div>Jag h\u00f6ll ett kort f\u00f6redrag om Skapande som drivkraft i skolan och gjorde reklam f\u00f6r <a href=\"https:\/\/www.parnes.com\/blog\/2015\/02\/skapande-och-skaparkultur-som.html\">min lilla rapport <\/a>jag sl\u00e4ppte f\u00f6rre veckan. Blev mycket uppskattat och fick mycket ber\u00f6m efter\u00e5t f\u00f6r mina tankar vilket \u00e4r smickrande och trevligt.&nbsp;<\/div>\n<div><\/div>\n<div>H\u00e4r \u00e4r bilderna:<\/div>\n<div><\/div>\n<p><iframe loading=\"lazy\" src=\"https:\/\/docs.google.com\/presentation\/d\/17aGAYbbHQRZc5f-VWsXMlKkyi5q9ooSFqsvv4vqfrhw\/embed?start=false&amp;loop=false&amp;delayms=3000\" frameborder=\"0\" width=\"480\" height=\"389\" allowfullscreen=\"true\" mozallowfullscreen=\"true\" webkitallowfullscreen=\"true\"><\/iframe><\/p>\n<div><\/div>\n<div>och h\u00e4r \u00e4r en bild p\u00e5 mig och Agneta som musikanter!&nbsp;<\/div>\n<div><a href=\"https:\/\/www.parnes.com\/blog\/assets_c\/2015\/03\/MakerDaysPeterAgneta-2545.html\" onclick=\"window.open('https:\/\/www.parnes.com\/blog\/assets_c\/2015\/03\/MakerDaysPeterAgneta-2545.html','popup','width=640,height=640,scrollbars=no,resizable=no,toolbar=no,directories=no,location=no,menubar=no,status=no,left=0,top=0'); return false\"><img loading=\"lazy\" decoding=\"async\" src=\"https:\/\/www.parnes.com\/blog\/assets_c\/2015\/03\/MakerDaysPeterAgneta-thumb-450x450-2545.jpg\" width=\"450\" height=\"450\" alt=\"MakerDaysPeterAgneta.jpg\" class=\"mt-image-center\" style=\"text-align: center; display: block; margin: 0 auto 20px;\" \/><\/a><\/div>\n<div><\/div>\n","protected":false},"excerpt":{"rendered":"<p>Har precis avlutat MakerDays, en 2-dagarskonferens om Making i skolan. Otroligt skoj och inspirerande \u00e4ven om jag blev mer en l\u00e4rare \u00e4n en elev i de praktiska workshopparna.&nbsp; Jag h\u00f6ll ett kort f\u00f6redrag om Skapande som drivkraft i skolan och gjorde reklam f\u00f6r min lilla rapport jag sl\u00e4ppte f\u00f6rre veckan. Blev mycket uppskattat och fick &hellip; <a href=\"https:\/\/www.parnes.com\/blog\/index.php\/2015\/03\/04\/makerdays_2015_i_goteborg\/\" class=\"more-link\">Continue reading <span class=\"screen-reader-text\">MakerDays 2015 i G\u00f6teborg<\/span> <span class=\"meta-nav\">&rarr;<\/span><\/a><\/p>\n","protected":false},"author":1,"featured_media":0,"comment_status":"open","ping_status":"open","sticky":false,"template":"","format":"standard","meta":{"footnotes":""},"categories":[422],"tags":[],"class_list":["post-3188","post","type-post","status-publish","format-standard","hentry","category-research"],"_links":{"self":[{"href":"https:\/\/www.parnes.com\/blog\/index.php\/wp-json\/wp\/v2\/posts\/3188","targetHints":{"allow":["GET"]}}],"collection":[{"href":"https:\/\/www.parnes.com\/blog\/index.php\/wp-json\/wp\/v2\/posts"}],"about":[{"href":"https:\/\/www.parnes.com\/blog\/index.php\/wp-json\/wp\/v2\/types\/post"}],"author":[{"embeddable":true,"href":"https:\/\/www.parnes.com\/blog\/index.php\/wp-json\/wp\/v2\/users\/1"}],"replies":[{"embeddable":true,"href":"https:\/\/www.parnes.com\/blog\/index.php\/wp-json\/wp\/v2\/comments?post=3188"}],"version-history":[{"count":0,"href":"https:\/\/www.parnes.com\/blog\/index.php\/wp-json\/wp\/v2\/posts\/3188\/revisions"}],"wp:attachment":[{"href":"https:\/\/www.parnes.com\/blog\/index.php\/wp-json\/wp\/v2\/media?parent=3188"}],"wp:term":[{"taxonomy":"category","embeddable":true,"href":"https:\/\/www.parnes.com\/blog\/index.php\/wp-json\/wp\/v2\/categories?post=3188"},{"taxonomy":"post_tag","embeddable":true,"href":"https:\/\/www.parnes.com\/blog\/index.php\/wp-json\/wp\/v2\/tags?post=3188"}],"curies":[{"name":"wp","href":"https:\/\/api.w.org\/{rel}","templated":true}]}}