{"id":3151,"date":"2012-02-16T21:31:36","date_gmt":"2012-02-16T21:31:36","guid":{"rendered":"http:\/\/www.parnes.com\/wordpress\/index.php\/2012\/02\/16\/in_i_dimman\/"},"modified":"2012-02-16T21:31:36","modified_gmt":"2012-02-16T21:31:36","slug":"in_i_dimman","status":"publish","type":"post","link":"https:\/\/www.parnes.com\/blog\/index.php\/2012\/02\/16\/in_i_dimman\/","title":{"rendered":"In i dimman&#8230;"},"content":{"rendered":"<div>St\u00e4dat lite, \u00e4tit en j\u00e4ttegod omelet med spenat och ris i, t\u00e4nt en brasa och lyssnar nu p\u00e5 Ligga med P3. Sk\u00f6n och lugn kv\u00e4ll efter en ganska hysterisk vecka.&nbsp;<\/div>\n<div><\/div>\n<div>Imorgon \u00e4r dock dagen ganska tom arbetsdag (bara ett m\u00f6te) s\u00e5 d\u00e5 ska man nog kunna g\u00f6ra lite skoj med gott samvete d\u00e5 jag skickade in en ans\u00f6kan p\u00e5 4.5 MSEK tidigare i veckan. Kanske skulle ta och anst\u00e4lla en doktorand?&nbsp;<\/div>\n<div><\/div>\n<div>Funderar p\u00e5 att ta n\u00e5gon timme ledigt runt lunch f\u00f6r att \u00e5ka lite skidor eller kanske g\u00e5 en sv\u00e4ng med sn\u00f6skor p\u00e5 v\u00e5ra vackra isar?&nbsp;<\/div>\n<div><\/div>\n<div>Efter jobbet blir det i alla fall mat p\u00e5 Uni:k med trevlig s\u00e4llskap och sedan konsert i Kulturens Hus och kanske en sk\u00f6n fika hemma hos mig efter\u00e5t (vi f\u00e5r se)&#8230;.&nbsp;<\/div>\n<div><\/div>\n<div>G\u00c4SP&#8230;.&nbsp;<\/div>\n<div><\/div>\n<div>Hur har ni det allesammans d\u00e4r ute? Lugnt och sk\u00f6nt idag? Har ni \u00e5stadkommit n\u00e5got bra denna vecka eller rullar bara ekorrhjulet p\u00e5?&nbsp;<\/div>\n<div><\/div>\n<div>Nu ska jag nog s\u00e4tta en stund i soffan och inta lite opium. In i dimman&#8230;&nbsp;<\/div>\n","protected":false},"excerpt":{"rendered":"<p>St\u00e4dat lite, \u00e4tit en j\u00e4ttegod omelet med spenat och ris i, t\u00e4nt en brasa och lyssnar nu p\u00e5 Ligga med P3. Sk\u00f6n och lugn kv\u00e4ll efter en ganska hysterisk vecka.&nbsp; Imorgon \u00e4r dock dagen ganska tom arbetsdag (bara ett m\u00f6te) s\u00e5 d\u00e5 ska man nog kunna g\u00f6ra lite skoj med gott samvete d\u00e5 jag skickade &hellip; <a href=\"https:\/\/www.parnes.com\/blog\/index.php\/2012\/02\/16\/in_i_dimman\/\" class=\"more-link\">Continue reading <span class=\"screen-reader-text\">In i dimman&#8230;<\/span> <span class=\"meta-nav\">&rarr;<\/span><\/a><\/p>\n","protected":false},"author":1,"featured_media":0,"comment_status":"open","ping_status":"open","sticky":false,"template":"","format":"standard","meta":{"footnotes":""},"categories":[4],"tags":[],"class_list":["post-3151","post","type-post","status-publish","format-standard","hentry","category-drpeppar"],"_links":{"self":[{"href":"https:\/\/www.parnes.com\/blog\/index.php\/wp-json\/wp\/v2\/posts\/3151","targetHints":{"allow":["GET"]}}],"collection":[{"href":"https:\/\/www.parnes.com\/blog\/index.php\/wp-json\/wp\/v2\/posts"}],"about":[{"href":"https:\/\/www.parnes.com\/blog\/index.php\/wp-json\/wp\/v2\/types\/post"}],"author":[{"embeddable":true,"href":"https:\/\/www.parnes.com\/blog\/index.php\/wp-json\/wp\/v2\/users\/1"}],"replies":[{"embeddable":true,"href":"https:\/\/www.parnes.com\/blog\/index.php\/wp-json\/wp\/v2\/comments?post=3151"}],"version-history":[{"count":0,"href":"https:\/\/www.parnes.com\/blog\/index.php\/wp-json\/wp\/v2\/posts\/3151\/revisions"}],"wp:attachment":[{"href":"https:\/\/www.parnes.com\/blog\/index.php\/wp-json\/wp\/v2\/media?parent=3151"}],"wp:term":[{"taxonomy":"category","embeddable":true,"href":"https:\/\/www.parnes.com\/blog\/index.php\/wp-json\/wp\/v2\/categories?post=3151"},{"taxonomy":"post_tag","embeddable":true,"href":"https:\/\/www.parnes.com\/blog\/index.php\/wp-json\/wp\/v2\/tags?post=3151"}],"curies":[{"name":"wp","href":"https:\/\/api.w.org\/{rel}","templated":true}]}}