{"id":2996,"date":"2011-07-30T09:49:57","date_gmt":"2011-07-30T09:49:57","guid":{"rendered":"http:\/\/www.parnes.com\/wordpress\/index.php\/2011\/07\/30\/jag_i_tidningen_igen_nsd\/"},"modified":"2011-07-30T09:49:57","modified_gmt":"2011-07-30T09:49:57","slug":"jag_i_tidningen_igen_nsd","status":"publish","type":"post","link":"https:\/\/www.parnes.com\/blog\/index.php\/2011\/07\/30\/jag_i_tidningen_igen_nsd\/","title":{"rendered":"Jag i tidningen igen\u2026 NSD"},"content":{"rendered":"<p>N\u00e4r jag satt uppe p\u00e5 Njulla s\u00e5 ringde en reporter fr\u00e5n tidningen NSD och st\u00e4llde lite fr\u00e5gor om Facebook och sociala media. Var inte riktigt mentalt med just n\u00e4r han ringde, jag satt ju och filosoferade med utsikt ut \u00f6ver Abisko, men f\u00f6rhoppningsvis sa jag n\u00e5got vettigt.<\/p>\n<p><a href=\"http:\/\/www.nsd.se\/nyheter\/lulea\/artikel.aspx?ArticleId=6295018\">H\u00e4r \u00e4r artikeln<\/a>.<\/p>\n","protected":false},"excerpt":{"rendered":"<p>N\u00e4r jag satt uppe p\u00e5 Njulla s\u00e5 ringde en reporter fr\u00e5n tidningen NSD och st\u00e4llde lite fr\u00e5gor om Facebook och sociala media. Var inte riktigt mentalt med just n\u00e4r han ringde, jag satt ju och filosoferade med utsikt ut \u00f6ver Abisko, men f\u00f6rhoppningsvis sa jag n\u00e5got vettigt. H\u00e4r \u00e4r artikeln.<\/p>\n","protected":false},"author":1,"featured_media":0,"comment_status":"open","ping_status":"closed","sticky":false,"template":"","format":"standard","meta":{"footnotes":""},"categories":[7],"tags":[],"class_list":["post-2996","post","type-post","status-publish","format-standard","hentry","category-webtips"],"_links":{"self":[{"href":"https:\/\/www.parnes.com\/blog\/index.php\/wp-json\/wp\/v2\/posts\/2996","targetHints":{"allow":["GET"]}}],"collection":[{"href":"https:\/\/www.parnes.com\/blog\/index.php\/wp-json\/wp\/v2\/posts"}],"about":[{"href":"https:\/\/www.parnes.com\/blog\/index.php\/wp-json\/wp\/v2\/types\/post"}],"author":[{"embeddable":true,"href":"https:\/\/www.parnes.com\/blog\/index.php\/wp-json\/wp\/v2\/users\/1"}],"replies":[{"embeddable":true,"href":"https:\/\/www.parnes.com\/blog\/index.php\/wp-json\/wp\/v2\/comments?post=2996"}],"version-history":[{"count":0,"href":"https:\/\/www.parnes.com\/blog\/index.php\/wp-json\/wp\/v2\/posts\/2996\/revisions"}],"wp:attachment":[{"href":"https:\/\/www.parnes.com\/blog\/index.php\/wp-json\/wp\/v2\/media?parent=2996"}],"wp:term":[{"taxonomy":"category","embeddable":true,"href":"https:\/\/www.parnes.com\/blog\/index.php\/wp-json\/wp\/v2\/categories?post=2996"},{"taxonomy":"post_tag","embeddable":true,"href":"https:\/\/www.parnes.com\/blog\/index.php\/wp-json\/wp\/v2\/tags?post=2996"}],"curies":[{"name":"wp","href":"https:\/\/api.w.org\/{rel}","templated":true}]}}