{"id":2779,"date":"2011-01-25T20:53:20","date_gmt":"2011-01-25T20:53:20","guid":{"rendered":"http:\/\/www.parnes.com\/wordpress\/index.php\/2011\/01\/25\/nagot_nytt\/"},"modified":"2011-01-25T20:53:20","modified_gmt":"2011-01-25T20:53:20","slug":"nagot_nytt","status":"publish","type":"post","link":"https:\/\/www.parnes.com\/blog\/index.php\/2011\/01\/25\/nagot_nytt\/","title":{"rendered":"N\u00e5got nytt?"},"content":{"rendered":"<p>Idag k\u00e4nns det mesta bara jobbigt. Vaknade med feber och musch i hj\u00e4rnan och efter n\u00e5gon timmes jobb p\u00e5 morgon med att f\u00f6rbereda tv\u00e5 f\u00f6rel\u00e4sningar till imorgon s\u00e5 tog jag ett tre timmars bad. Oj, vad avslappnad jag var efter det. Som en degig filbunke. Riktig bliss var det. En lugn lunch med frun. Underbart&#8230;.<\/p>\n<p>Sedan pockade jobbet p\u00e5 igen. Var ju tvungen att f\u00f6rbereda klart de d\u00e4r tv\u00e5 f\u00f6rel\u00e4sningarna; 15 minuter om &#8220;<a href=\"https:\/\/docs.google.com\/present\/view?id=dmjttj3_345cqf4dmhm\">Mobiltelefoner, appar och annat<\/a>&#8220;, samt n\u00e4sta tr\u00e4ff i projektkursen f\u00f6r D3 d\u00e4r jag imorgon ska prata <a href=\"https:\/\/docs.google.com\/present\/view?id=dmjttj3_358gprn84fg\">projektplanering<\/a>. Nu kanske ni t\u00e4nker att, v\u00e4nta nu, \u00e4r man sjuk s\u00e5 ska man ju inte jobba eller hur? Nja, s\u00e5 l\u00e4tt \u00e4r det inte tyv\u00e4rr. Visst, lektionen kan jag ju st\u00e4lla in men det betyder bara att jag m\u00e5ste trycka in samma inneh\u00e5ll n\u00e4sta vecka ist\u00e4llet och jag vill ju att kursen ska g\u00e5 vidare. Visst suger det att vi inte har utrymme f\u00f6r att hantera detta b\u00e4ttre? M\u00e5ste alla l\u00e4rare p\u00e5 ett universitet g\u00f6ra allting och inte g\u00f6ra n\u00e5got alls ordentligt f\u00f6r det blir bara hattifnattit och ingen tid \u00f6ver alls?<\/p>\n<p>Under kv\u00e4llen tog jag det lugnt med barnen, vi l\u00e4ste lite bok, skrumlade, &#8220;bakade&#8221; chokladbollar och tittade lite p\u00e5 TV. Lugnt och sk\u00f6nt men sedan fastnade jag vid datorn igen med att f\u00f6rs\u00f6ka beta av lite gamla saker som legat och grott i mitt huvud och h\u00e4r sitter jag nu.<\/p>\n<p>Skulle v\u00e4l egentligen beh\u00f6va \u00e5ka lite skidor men det k\u00e4nns inte bra med f\u00f6rkylning i kroppen. Samtidigt s\u00e5 \u00e4r jag rastl\u00f6s. Vad g\u00f6ra? Har ni n\u00e5got tips?<\/p>\n<p>En annan sak, jag f\u00e5r flera approp\u00e5er att h\u00e5lla f\u00f6rel\u00e4sningar och tal (flera i \u00e5r redan och tv\u00e5 senaste 5 dagarna (en fr\u00e5ga i fredags, och en till idag)) men \u00e4r det ingen vill ha hj\u00e4lp med n\u00e5got konkret ist\u00e4llet? Mycket snack och lite verkstad!<\/p>\n<p>N\u00e4\u00e4\u00e4, man kanske skulle hitta p\u00e5 n\u00e5got annat ist\u00e4llet. N\u00e5gon som vill starta ett nytt f\u00f6retag? N\u00e5gon som beh\u00f6ver hj\u00e4lp med n\u00e5got nytt och sp\u00e4nnande?<\/p>\n<div style=\"text-align: center;\">\n<a href=\"https:\/\/www.parnes.com\/blog\/Photoon20110125at20.51.jpg\"><img loading=\"lazy\" decoding=\"async\" src=\"https:\/\/www.parnes.com\/blog\/Photoon20110125at20.51-tm.jpg\" width=\"480\" height=\"360\" alt=\"Photoon20110125at20.51.jpg\" \/><\/a>\n<\/div>\n","protected":false},"excerpt":{"rendered":"<p>Idag k\u00e4nns det mesta bara jobbigt. Vaknade med feber och musch i hj\u00e4rnan och efter n\u00e5gon timmes jobb p\u00e5 morgon med att f\u00f6rbereda tv\u00e5 f\u00f6rel\u00e4sningar till imorgon s\u00e5 tog jag ett tre timmars bad. Oj, vad avslappnad jag var efter det. Som en degig filbunke. Riktig bliss var det. En lugn lunch med frun. Underbart&#8230;. &hellip; <a href=\"https:\/\/www.parnes.com\/blog\/index.php\/2011\/01\/25\/nagot_nytt\/\" class=\"more-link\">Continue reading <span class=\"screen-reader-text\">N\u00e5got nytt?<\/span> <span class=\"meta-nav\">&rarr;<\/span><\/a><\/p>\n","protected":false},"author":1,"featured_media":0,"comment_status":"open","ping_status":"open","sticky":false,"template":"","format":"standard","meta":{"footnotes":""},"categories":[4],"tags":[],"class_list":["post-2779","post","type-post","status-publish","format-standard","hentry","category-drpeppar"],"_links":{"self":[{"href":"https:\/\/www.parnes.com\/blog\/index.php\/wp-json\/wp\/v2\/posts\/2779","targetHints":{"allow":["GET"]}}],"collection":[{"href":"https:\/\/www.parnes.com\/blog\/index.php\/wp-json\/wp\/v2\/posts"}],"about":[{"href":"https:\/\/www.parnes.com\/blog\/index.php\/wp-json\/wp\/v2\/types\/post"}],"author":[{"embeddable":true,"href":"https:\/\/www.parnes.com\/blog\/index.php\/wp-json\/wp\/v2\/users\/1"}],"replies":[{"embeddable":true,"href":"https:\/\/www.parnes.com\/blog\/index.php\/wp-json\/wp\/v2\/comments?post=2779"}],"version-history":[{"count":0,"href":"https:\/\/www.parnes.com\/blog\/index.php\/wp-json\/wp\/v2\/posts\/2779\/revisions"}],"wp:attachment":[{"href":"https:\/\/www.parnes.com\/blog\/index.php\/wp-json\/wp\/v2\/media?parent=2779"}],"wp:term":[{"taxonomy":"category","embeddable":true,"href":"https:\/\/www.parnes.com\/blog\/index.php\/wp-json\/wp\/v2\/categories?post=2779"},{"taxonomy":"post_tag","embeddable":true,"href":"https:\/\/www.parnes.com\/blog\/index.php\/wp-json\/wp\/v2\/tags?post=2779"}],"curies":[{"name":"wp","href":"https:\/\/api.w.org\/{rel}","templated":true}]}}