{"id":2705,"date":"2010-12-14T21:25:06","date_gmt":"2010-12-14T21:25:06","guid":{"rendered":"http:\/\/www.parnes.com\/wordpress\/index.php\/2010\/12\/14\/att_leva_med_for_manga_ideer\/"},"modified":"2010-12-14T21:25:06","modified_gmt":"2010-12-14T21:25:06","slug":"att_leva_med_for_manga_ideer","status":"publish","type":"post","link":"https:\/\/www.parnes.com\/blog\/index.php\/2010\/12\/14\/att_leva_med_for_manga_ideer\/","title":{"rendered":"Att leva med f\u00f6r m\u00e5nga id\u00e9er i 200Km\/h."},"content":{"rendered":"<p>Den senaste m\u00e5naden har jag k\u00e4nt mig otroligt kreativ och jag f\u00e5r mer id\u00e9er i huvudet \u00e4n jag haft p\u00e5 mycket l\u00e4nge. Det \u00e4r helt underbart men samtidigt s\u00e5 k\u00e4nns det som om jag inte hinner med att genomf\u00f6ra alla mina id\u00e9er. Jag blir stressad och sover alldeles f\u00f6r lite. Vill g\u00f6ra roliga saker. Vill f\u00e5 ut dem! Vill prova p\u00e5! Vill p\u00e5verka mitt LTU med vad tror \u00e4r positivt f\u00f6r LTU.<\/p>\n<p>Samtidigt s\u00e5 kommer det en massa saker som m\u00e5ste g\u00f6ras. Saker som k\u00e4nns ibland on\u00f6diga och i v\u00e4gen.<\/p>\n<p>Jag f\u00f6rs\u00f6ker vara pappaledig p\u00e5 halvtid och det \u00e4r b\u00e5de mycket trevligt men samtidigt stressande. Veckorna bara flyger f\u00f6rbi k\u00e4nns det som. Samtidigt s\u00e5 har jag arbetat klart mer \u00e4n jag &#8220;ska&#8221;. Sedan augusti har jag jobbat 5.7 veckor f\u00f6r mycket (halvtid) och jag m\u00e5ste f\u00f6rs\u00f6ka vara mer ledig. Eller s\u00e5 sparar jag det till n\u00e4sta sommar och tar ledig 3 m\u00e5nader ist\u00e4llet \ud83d\ude42<\/p>\n<p>Samtidigt s\u00e5 m\u00e5ste man ta ett steg tillbaka och fundera p\u00e5 vad man faktiskt har gjort. Skrev en l\u00e5ng rapport f\u00f6r tv\u00e5 av mina forskningsprojekt plus en uppdaterad livshistoria och det det blev ganska mycket som \u00e5stadkommits under 2010. T\u00e4nkte att jag kanske skulle skriva en \u00e5rsrapport f\u00f6r individen Peter Parnes (h\u00e4r \u00e4r mitt liv).<\/p>\n<p>Det g\u00e5r alldeles f\u00f6r mycket tid till meningsl\u00f6sa m\u00f6ten. Workshoppar med talare som bara maler p\u00e5 och inte s\u00e4ger n\u00e5got vettigt. <i>Hej alla d\u00e4r ute, kom ih\u00e5g att det \u00e4r sv\u00e5rare att h\u00e5lla ett kort tal \u00e4n ett l\u00e5ngt! Satsa p\u00e5 det sv\u00e5rare h\u00e4r i livet. Dvs, h\u00e5ll kortare f\u00f6redrag!<\/i><\/p>\n<p>P\u00e5 dagens workshop tr\u00e4ffade jag ett par nya individer som var inspirerande! Trevligt! Individer som vill g\u00f6ra saker och inte bara snacka! Grattis till mig och till de!<\/p>\n<p>M\u00e5r jag d\u00e5ligt d\u00e5??? N\u00e4. Inte alls. Jag sprudlar som sagt av id\u00e9er och \u00e4r full av energi MEN jag sover d\u00e5ligt och kroppen tar stryk. Jag vet att jag inte kan k\u00f6ra p\u00e5 i 200Km\/h utan kommer att krascha f\u00f6rr eller senare och d\u00e5 sitter jag d\u00e4r med 300 olika saker som jag M\u00c5STE g\u00f6ra.<\/p>\n<p>S\u00e5\u00e5\u00e5, nu har jag skrivit av mig lite och jag hoppas jag slipper vakna i natt igen med huvudet kryllande av id\u00e9er p\u00e5 nya saker. <b>Om ni &#8220;ser&#8221; mig surra omkring i natt igen s\u00e5 sparka h\u00e5rt p\u00e5 mig s\u00e5 jag kommer i s\u00e4ng p\u00e5 bumsen!<\/b><\/p>\n<p>Nu ska jag ta mig 15 minuter TVtittande med en kopp te och den gossigaste frun i hela v\u00e4rlden!<\/p>\n<p><\/p>\n<div style=\"text-align: center;\">\n<a href=\"https:\/\/www.parnes.com\/blog\/Screen shot 2010-12-14 at 9.30.43 PM.png\"><img loading=\"lazy\" decoding=\"async\" src=\"https:\/\/www.parnes.com\/blog\/Screen shot 2010-12-14 at 9.30.43 PM-tm.jpg\" width=\"480\" height=\"260\" alt=\"Screen shot 2010-12-14 at 9.30.43 PM.png\" \/><\/a>\n<\/div>\n<div style=\"text-align: center;\">\n<b>PUNK!<\/b>\n<\/div>\n","protected":false},"excerpt":{"rendered":"<p>Den senaste m\u00e5naden har jag k\u00e4nt mig otroligt kreativ och jag f\u00e5r mer id\u00e9er i huvudet \u00e4n jag haft p\u00e5 mycket l\u00e4nge. Det \u00e4r helt underbart men samtidigt s\u00e5 k\u00e4nns det som om jag inte hinner med att genomf\u00f6ra alla mina id\u00e9er. Jag blir stressad och sover alldeles f\u00f6r lite. Vill g\u00f6ra roliga saker. Vill &hellip; <a href=\"https:\/\/www.parnes.com\/blog\/index.php\/2010\/12\/14\/att_leva_med_for_manga_ideer\/\" class=\"more-link\">Continue reading <span class=\"screen-reader-text\">Att leva med f\u00f6r m\u00e5nga id\u00e9er i 200Km\/h.<\/span> <span class=\"meta-nav\">&rarr;<\/span><\/a><\/p>\n","protected":false},"author":1,"featured_media":0,"comment_status":"open","ping_status":"open","sticky":false,"template":"","format":"standard","meta":{"footnotes":""},"categories":[4],"tags":[],"class_list":["post-2705","post","type-post","status-publish","format-standard","hentry","category-drpeppar"],"_links":{"self":[{"href":"https:\/\/www.parnes.com\/blog\/index.php\/wp-json\/wp\/v2\/posts\/2705","targetHints":{"allow":["GET"]}}],"collection":[{"href":"https:\/\/www.parnes.com\/blog\/index.php\/wp-json\/wp\/v2\/posts"}],"about":[{"href":"https:\/\/www.parnes.com\/blog\/index.php\/wp-json\/wp\/v2\/types\/post"}],"author":[{"embeddable":true,"href":"https:\/\/www.parnes.com\/blog\/index.php\/wp-json\/wp\/v2\/users\/1"}],"replies":[{"embeddable":true,"href":"https:\/\/www.parnes.com\/blog\/index.php\/wp-json\/wp\/v2\/comments?post=2705"}],"version-history":[{"count":0,"href":"https:\/\/www.parnes.com\/blog\/index.php\/wp-json\/wp\/v2\/posts\/2705\/revisions"}],"wp:attachment":[{"href":"https:\/\/www.parnes.com\/blog\/index.php\/wp-json\/wp\/v2\/media?parent=2705"}],"wp:term":[{"taxonomy":"category","embeddable":true,"href":"https:\/\/www.parnes.com\/blog\/index.php\/wp-json\/wp\/v2\/categories?post=2705"},{"taxonomy":"post_tag","embeddable":true,"href":"https:\/\/www.parnes.com\/blog\/index.php\/wp-json\/wp\/v2\/tags?post=2705"}],"curies":[{"name":"wp","href":"https:\/\/api.w.org\/{rel}","templated":true}]}}