{"id":2704,"date":"2010-12-14T07:14:26","date_gmt":"2010-12-14T07:14:26","guid":{"rendered":"http:\/\/www.parnes.com\/wordpress\/index.php\/2010\/12\/14\/magisk_jultapas\/"},"modified":"2010-12-14T07:14:26","modified_gmt":"2010-12-14T07:14:26","slug":"magisk_jultapas","status":"publish","type":"post","link":"https:\/\/www.parnes.com\/blog\/index.php\/2010\/12\/14\/magisk_jultapas\/","title":{"rendered":"Magisk jultapas"},"content":{"rendered":"<p>Fick f\u00f6ljande inbjudan i posten inatt:<\/p>\n<blockquote>\n<p><span style=\"font-family: 'lucida grande', tahoma, verdana, arial, sans-serif; font-size: 14px; color: #333333;\">Nu p\u00e5 fredag serverar vi v\u00e5r ber\u00f6mda jultapas som After Workmeny.<\/p>\n<p>Passa p\u00e5 att runda av \u00e5ret genom att samla ihop lite n\u00e4ra och k\u00e4ra och avnjut en h\u00e4rlig julinspirerad tapasmiddag tillsammans. Menyn best\u00e5r av&#8230;<\/p>\n<p>&#8211; ciabatta &amp; dips (saffransaioli, olivolja &amp; kryddigt n\u00f6thack)<br \/>\n&#8211; parmalindade dadlar<br \/>\n&#8211; timjanscrostini m. r\u00f6kt kalkon, karamelliserad l\u00f6k &amp; brie<br \/>\n&#8211; sill- &amp; potatisspett m. citrondips\u00e5s<br \/>\n&#8211; frittata m. f\u00e4nk\u00e5l &amp; v\u00e4sterbottensost toppad m. r\u00f6kt lax<br \/>\n&#8211; mini lammf\u00e4rsj\u00e4rpar m. chevr\u00e9 &amp; lingonchutney<br \/>\n&#8211; filodegspaket m. skinka, \u00e4pple &amp; senap<br \/>\n&#8211; r\u00f6dk\u00e5lscoleslaw m. \u00e4pple &amp; valn\u00f6tter<br \/>\n&#8211; kryddig julpannacotta m. apelsin<\/p>\n<p>Pris: 220 kr per person<\/p>\n<p>Boka bord p\u00e5 0920 &#8211; 680 68<\/p>\n<p>Tills dess f\u00e5r ni ha det s\u00e5 ypperligt fint!<\/p>\n<p>\/Robbie och Lisa<\/span><\/p>\n<\/blockquote>\n<p>Wow! Detta m\u00e5ste vi helt enkelt g\u00e5 p\u00e5 med lilla familjen fr\u00e5n Berget! N\u00e5gon som ska med?<\/p>\n","protected":false},"excerpt":{"rendered":"<p>Fick f\u00f6ljande inbjudan i posten inatt: Nu p\u00e5 fredag serverar vi v\u00e5r ber\u00f6mda jultapas som After Workmeny. Passa p\u00e5 att runda av \u00e5ret genom att samla ihop lite n\u00e4ra och k\u00e4ra och avnjut en h\u00e4rlig julinspirerad tapasmiddag tillsammans. Menyn best\u00e5r av&#8230; &#8211; ciabatta &amp; dips (saffransaioli, olivolja &amp; kryddigt n\u00f6thack) &#8211; parmalindade dadlar &#8211; timjanscrostini &hellip; <a href=\"https:\/\/www.parnes.com\/blog\/index.php\/2010\/12\/14\/magisk_jultapas\/\" class=\"more-link\">Continue reading <span class=\"screen-reader-text\">Magisk jultapas<\/span> <span class=\"meta-nav\">&rarr;<\/span><\/a><\/p>\n","protected":false},"author":1,"featured_media":0,"comment_status":"open","ping_status":"open","sticky":false,"template":"","format":"standard","meta":{"footnotes":""},"categories":[8],"tags":[],"class_list":["post-2704","post","type-post","status-publish","format-standard","hentry","category-food"],"_links":{"self":[{"href":"https:\/\/www.parnes.com\/blog\/index.php\/wp-json\/wp\/v2\/posts\/2704","targetHints":{"allow":["GET"]}}],"collection":[{"href":"https:\/\/www.parnes.com\/blog\/index.php\/wp-json\/wp\/v2\/posts"}],"about":[{"href":"https:\/\/www.parnes.com\/blog\/index.php\/wp-json\/wp\/v2\/types\/post"}],"author":[{"embeddable":true,"href":"https:\/\/www.parnes.com\/blog\/index.php\/wp-json\/wp\/v2\/users\/1"}],"replies":[{"embeddable":true,"href":"https:\/\/www.parnes.com\/blog\/index.php\/wp-json\/wp\/v2\/comments?post=2704"}],"version-history":[{"count":0,"href":"https:\/\/www.parnes.com\/blog\/index.php\/wp-json\/wp\/v2\/posts\/2704\/revisions"}],"wp:attachment":[{"href":"https:\/\/www.parnes.com\/blog\/index.php\/wp-json\/wp\/v2\/media?parent=2704"}],"wp:term":[{"taxonomy":"category","embeddable":true,"href":"https:\/\/www.parnes.com\/blog\/index.php\/wp-json\/wp\/v2\/categories?post=2704"},{"taxonomy":"post_tag","embeddable":true,"href":"https:\/\/www.parnes.com\/blog\/index.php\/wp-json\/wp\/v2\/tags?post=2704"}],"curies":[{"name":"wp","href":"https:\/\/api.w.org\/{rel}","templated":true}]}}