{"id":2681,"date":"2010-11-30T17:24:39","date_gmt":"2010-11-30T17:24:39","guid":{"rendered":"http:\/\/www.parnes.com\/wordpress\/index.php\/2010\/11\/30\/peter_parnes_-_portrattfoton\/"},"modified":"2010-11-30T17:24:39","modified_gmt":"2010-11-30T17:24:39","slug":"peter_parnes_-_portrattfoton","status":"publish","type":"post","link":"https:\/\/www.parnes.com\/blog\/index.php\/2010\/11\/30\/peter_parnes_-_portrattfoton\/","title":{"rendered":"Peter Parnes &#8211; portr\u00e4ttfoton"},"content":{"rendered":"<p>Tv\u00e5 portr\u00e4ttfoton p\u00e5 mig som duktige <a href=\"http:\/\/www.tomasbergman.se\/\">fotograf Tomas Bergman<\/a> tagit! Klicka p\u00e5 dem f\u00f6r st\u00f6rre bild.<\/p>\n<p style=\"text-align: center;\">\n<a href=\"https:\/\/www.parnes.com\/blog\/Parnes1.jpg\"><img loading=\"lazy\" decoding=\"async\" src=\"https:\/\/www.parnes.com\/blog\/Parnes1-tm.jpg\" width=\"480\" height=\"708\" alt=\"Parnes1.jpg\" \/><\/a><\/p>\n<p style=\"text-align: center;\"><\/p>\n<p style=\"text-align: center;\"><a href=\"https:\/\/www.parnes.com\/blog\/Parnes2.jpg\"><img loading=\"lazy\" decoding=\"async\" src=\"https:\/\/www.parnes.com\/blog\/Parnes2-tm.jpg\" width=\"480\" height=\"320\" alt=\"Parnes2.jpg\" \/><\/a><\/p>\n","protected":false},"excerpt":{"rendered":"<p>Tv\u00e5 portr\u00e4ttfoton p\u00e5 mig som duktige fotograf Tomas Bergman tagit! Klicka p\u00e5 dem f\u00f6r st\u00f6rre bild.<\/p>\n","protected":false},"author":1,"featured_media":0,"comment_status":"open","ping_status":"open","sticky":false,"template":"","format":"standard","meta":{"footnotes":""},"categories":[9],"tags":[],"class_list":["post-2681","post","type-post","status-publish","format-standard","hentry","category-photo"],"_links":{"self":[{"href":"https:\/\/www.parnes.com\/blog\/index.php\/wp-json\/wp\/v2\/posts\/2681","targetHints":{"allow":["GET"]}}],"collection":[{"href":"https:\/\/www.parnes.com\/blog\/index.php\/wp-json\/wp\/v2\/posts"}],"about":[{"href":"https:\/\/www.parnes.com\/blog\/index.php\/wp-json\/wp\/v2\/types\/post"}],"author":[{"embeddable":true,"href":"https:\/\/www.parnes.com\/blog\/index.php\/wp-json\/wp\/v2\/users\/1"}],"replies":[{"embeddable":true,"href":"https:\/\/www.parnes.com\/blog\/index.php\/wp-json\/wp\/v2\/comments?post=2681"}],"version-history":[{"count":0,"href":"https:\/\/www.parnes.com\/blog\/index.php\/wp-json\/wp\/v2\/posts\/2681\/revisions"}],"wp:attachment":[{"href":"https:\/\/www.parnes.com\/blog\/index.php\/wp-json\/wp\/v2\/media?parent=2681"}],"wp:term":[{"taxonomy":"category","embeddable":true,"href":"https:\/\/www.parnes.com\/blog\/index.php\/wp-json\/wp\/v2\/categories?post=2681"},{"taxonomy":"post_tag","embeddable":true,"href":"https:\/\/www.parnes.com\/blog\/index.php\/wp-json\/wp\/v2\/tags?post=2681"}],"curies":[{"name":"wp","href":"https:\/\/api.w.org\/{rel}","templated":true}]}}