{"id":2625,"date":"2010-10-31T20:45:23","date_gmt":"2010-10-31T20:45:23","guid":{"rendered":"http:\/\/www.parnes.com\/wordpress\/index.php\/2010\/10\/31\/stor_dotter\/"},"modified":"2010-10-31T20:45:23","modified_gmt":"2010-10-31T20:45:23","slug":"stor_dotter","status":"publish","type":"post","link":"https:\/\/www.parnes.com\/blog\/index.php\/2010\/10\/31\/stor_dotter\/","title":{"rendered":"Stor dotter"},"content":{"rendered":"<p>Idag skickade jag iv\u00e4g dottern p\u00e5 h\u00f6stlov till Sk\u00e5ne och hon reste helt sj\u00e4lv med tv\u00e5 flyg! Stora flickan. Jag vet att m\u00e5nga skickar iv\u00e4g sina barn redan n\u00e4r de \u00e4r 5 men vi har inte haft tillf\u00e4lle\/behov av det och det k\u00e4ndes lite konstigt att skicka iv\u00e4g henne s\u00e5d\u00e4r. Hon var ganska nerv\u00f6s men v\u00e4l framme s\u00e5 tyckte hon det var ingenting alls. 9 barn hade rest sj\u00e4lva p\u00e5 flyget fr\u00e5n Stockholm till Malm\u00f6.<\/p>\n<p>Efter hennes plan hade lyft s\u00e5 passade jag p\u00e5 att g\u00e5 lite i det vackra v\u00e4dret och och om n\u00e5gon \u00e4r nyfiken s\u00e5 tar det 23minuter (f\u00f6r mig) att g\u00e5 fr\u00e5n flygplatsen till n\u00e4rmaste lokaltrafikh\u00e5llplats (Sm\u00e5gatan och 4an) vilket inte \u00e4r s\u00e5 farligt l\u00e5ngt med tanke p\u00e5 att bussen g\u00e5r direkt hem till mig och det \u00e4r ett klart alternativ till att byta till flygbussen inne i stan. Dock tog jag inte 4an alls utan fortsatte att g\u00e5 hela v\u00e4gen hem vilket blev n\u00e4stan 12km.<\/p>\n<p style=\"text-align: center;\"><iframe loading=\"lazy\" width=\"425\" height=\"345\" src=\"http:\/\/runkeeper.com\/activityMap\/bgnp1\"><\/iframe><\/p>\n<p>Kan f\u00f6r \u00f6vrigt n\u00e4mna att det kanske fr\u00e5n 2012 blir lokaltrafik till flygplatsen och det betyder att jag skulle kunna ta samma buss direkt fr\u00e5n Berget (200m fr\u00e5n huset) till flygplatsen. Det vore ganska praktiskt!<\/p>\n","protected":false},"excerpt":{"rendered":"<p>Idag skickade jag iv\u00e4g dottern p\u00e5 h\u00f6stlov till Sk\u00e5ne och hon reste helt sj\u00e4lv med tv\u00e5 flyg! Stora flickan. Jag vet att m\u00e5nga skickar iv\u00e4g sina barn redan n\u00e4r de \u00e4r 5 men vi har inte haft tillf\u00e4lle\/behov av det och det k\u00e4ndes lite konstigt att skicka iv\u00e4g henne s\u00e5d\u00e4r. Hon var ganska nerv\u00f6s men &hellip; <a href=\"https:\/\/www.parnes.com\/blog\/index.php\/2010\/10\/31\/stor_dotter\/\" class=\"more-link\">Continue reading <span class=\"screen-reader-text\">Stor dotter<\/span> <span class=\"meta-nav\">&rarr;<\/span><\/a><\/p>\n","protected":false},"author":1,"featured_media":0,"comment_status":"open","ping_status":"open","sticky":false,"template":"","format":"standard","meta":{"footnotes":""},"categories":[4],"tags":[],"class_list":["post-2625","post","type-post","status-publish","format-standard","hentry","category-drpeppar"],"_links":{"self":[{"href":"https:\/\/www.parnes.com\/blog\/index.php\/wp-json\/wp\/v2\/posts\/2625","targetHints":{"allow":["GET"]}}],"collection":[{"href":"https:\/\/www.parnes.com\/blog\/index.php\/wp-json\/wp\/v2\/posts"}],"about":[{"href":"https:\/\/www.parnes.com\/blog\/index.php\/wp-json\/wp\/v2\/types\/post"}],"author":[{"embeddable":true,"href":"https:\/\/www.parnes.com\/blog\/index.php\/wp-json\/wp\/v2\/users\/1"}],"replies":[{"embeddable":true,"href":"https:\/\/www.parnes.com\/blog\/index.php\/wp-json\/wp\/v2\/comments?post=2625"}],"version-history":[{"count":0,"href":"https:\/\/www.parnes.com\/blog\/index.php\/wp-json\/wp\/v2\/posts\/2625\/revisions"}],"wp:attachment":[{"href":"https:\/\/www.parnes.com\/blog\/index.php\/wp-json\/wp\/v2\/media?parent=2625"}],"wp:term":[{"taxonomy":"category","embeddable":true,"href":"https:\/\/www.parnes.com\/blog\/index.php\/wp-json\/wp\/v2\/categories?post=2625"},{"taxonomy":"post_tag","embeddable":true,"href":"https:\/\/www.parnes.com\/blog\/index.php\/wp-json\/wp\/v2\/tags?post=2625"}],"curies":[{"name":"wp","href":"https:\/\/api.w.org\/{rel}","templated":true}]}}