{"id":2250,"date":"2010-01-09T18:00:24","date_gmt":"2010-01-09T18:00:24","guid":{"rendered":"http:\/\/www.parnes.com\/wordpress\/index.php\/2010\/01\/09\/dagens_middag_blev_fooooor_god\/"},"modified":"2010-01-09T18:00:24","modified_gmt":"2010-01-09T18:00:24","slug":"dagens_middag_blev_fooooor_god","status":"publish","type":"post","link":"https:\/\/www.parnes.com\/blog\/index.php\/2010\/01\/09\/dagens_middag_blev_fooooor_god\/","title":{"rendered":"Dagens middag blev f\u00f6\u00f6\u00f6\u00f6\u00f6r god!"},"content":{"rendered":"<p>Maten blev f\u00f6r god och s\u00e5 enkel att tillaga! Fransyska som jag brynde i en stekpanna och sedan ner i en ugnsform med en massa gr\u00f6nsaker och potatis och kryddor. Baka i ca 2h till k\u00f6tet har kommit upp till 68 grader. Servera med sallad och hemmagjord aioli!<\/p>\n<p style=\"text-align: center;\">\n<a href=\"https:\/\/www.parnes.com\/blog\/2010-01-09 12.41.02.jpg\"><img loading=\"lazy\" decoding=\"async\" src=\"https:\/\/www.parnes.com\/blog\/2010-01-09 12.41.02-tm.jpg\" width=\"480\" height=\"360\" alt=\"2010-01-09 12.41.02.jpg\" \/><\/a><\/p>\n<p style=\"text-align: center;\">F\u00f6re!<\/p>\n<p style=\"text-align: center;\">\n<a href=\"https:\/\/www.parnes.com\/blog\/100109 - 2.jpg\"><img loading=\"lazy\" decoding=\"async\" src=\"https:\/\/www.parnes.com\/blog\/100109 - 2-tm.jpg\" width=\"480\" height=\"360\" alt=\"100109 - 2.JPG\" \/><\/a><\/p>\n<p style=\"text-align: center;\">Efter. Notera skillnaden i storlek p\u00e5 k\u00f6ttbiten.<\/p>\n","protected":false},"excerpt":{"rendered":"<p>Maten blev f\u00f6r god och s\u00e5 enkel att tillaga! Fransyska som jag brynde i en stekpanna och sedan ner i en ugnsform med en massa gr\u00f6nsaker och potatis och kryddor. Baka i ca 2h till k\u00f6tet har kommit upp till 68 grader. Servera med sallad och hemmagjord aioli! F\u00f6re! Efter. Notera skillnaden i storlek p\u00e5 &hellip; <a href=\"https:\/\/www.parnes.com\/blog\/index.php\/2010\/01\/09\/dagens_middag_blev_fooooor_god\/\" class=\"more-link\">Continue reading <span class=\"screen-reader-text\">Dagens middag blev f\u00f6\u00f6\u00f6\u00f6\u00f6r god!<\/span> <span class=\"meta-nav\">&rarr;<\/span><\/a><\/p>\n","protected":false},"author":1,"featured_media":0,"comment_status":"open","ping_status":"open","sticky":false,"template":"","format":"standard","meta":{"footnotes":""},"categories":[8,9],"tags":[],"class_list":["post-2250","post","type-post","status-publish","format-standard","hentry","category-food","category-photo"],"_links":{"self":[{"href":"https:\/\/www.parnes.com\/blog\/index.php\/wp-json\/wp\/v2\/posts\/2250","targetHints":{"allow":["GET"]}}],"collection":[{"href":"https:\/\/www.parnes.com\/blog\/index.php\/wp-json\/wp\/v2\/posts"}],"about":[{"href":"https:\/\/www.parnes.com\/blog\/index.php\/wp-json\/wp\/v2\/types\/post"}],"author":[{"embeddable":true,"href":"https:\/\/www.parnes.com\/blog\/index.php\/wp-json\/wp\/v2\/users\/1"}],"replies":[{"embeddable":true,"href":"https:\/\/www.parnes.com\/blog\/index.php\/wp-json\/wp\/v2\/comments?post=2250"}],"version-history":[{"count":0,"href":"https:\/\/www.parnes.com\/blog\/index.php\/wp-json\/wp\/v2\/posts\/2250\/revisions"}],"wp:attachment":[{"href":"https:\/\/www.parnes.com\/blog\/index.php\/wp-json\/wp\/v2\/media?parent=2250"}],"wp:term":[{"taxonomy":"category","embeddable":true,"href":"https:\/\/www.parnes.com\/blog\/index.php\/wp-json\/wp\/v2\/categories?post=2250"},{"taxonomy":"post_tag","embeddable":true,"href":"https:\/\/www.parnes.com\/blog\/index.php\/wp-json\/wp\/v2\/tags?post=2250"}],"curies":[{"name":"wp","href":"https:\/\/api.w.org\/{rel}","templated":true}]}}