{"id":1963,"date":"2009-08-16T19:59:28","date_gmt":"2009-08-16T19:59:28","guid":{"rendered":"http:\/\/www.parnes.com\/wordpress\/index.php\/2009\/08\/16\/var_ar_kalle_grump_del_2\/"},"modified":"2009-08-16T19:59:28","modified_gmt":"2009-08-16T19:59:28","slug":"var_ar_kalle_grump_del_2","status":"publish","type":"post","link":"https:\/\/www.parnes.com\/blog\/index.php\/2009\/08\/16\/var_ar_kalle_grump_del_2\/","title":{"rendered":"Var \u00e4r Kalle Grump del 2?"},"content":{"rendered":"<p>F\u00f6r n\u00e5gra dagar fick barnen ett andra brev fr\u00e5n Kalle Grump.<\/p>\n<blockquote>\n<h1 style=\"font-size: 18pt; text-align: center;\"><span style=\"font-family: 'Comic Sans MS', sans-serif; font-size: 13px;\"><font face=\"'Comic Sans MS'\">Var \u00e4r Kalle Grump?<\/font><\/span><\/h1>\n<p style=\"margin-top: 0px; margin-right: 0px; margin-bottom: 0px; margin-left: 0px; text-align: center;\"><span style=\"font-family: 'Comic Sans MS', sans-serif; font-size: 13px;\"><font face=\"'Comic Sans MS'\">Hej Tovah, Oliver och Anja!<\/font><\/span><\/p>\n<p style=\"margin-top: 0px; margin-right: 0px; margin-bottom: 0px; margin-left: 0px; text-align: center;\"><span style=\"font-family: 'Comic Sans MS', sans-serif; font-size: 13px;\"><br \/><\/span><\/p>\n<p style=\"margin-top: 0px; margin-right: 0px; margin-bottom: 0px; margin-left: 0px; text-align: center;\"><span style=\"font-family: 'Comic Sans MS', sans-serif; font-size: 13px;\"><font face=\"'Comic Sans MS'\">Jag hoppas ni har det bra! Kom till f\u00f6ljande plats s\u00e5 f\u00e5r ni veta mer om mina \u00e4ventyr:<\/font><\/span><\/p>\n<p style=\"margin-top: 0px; margin-right: 0px; margin-bottom: 0px; margin-left: 0px; text-align: center;\"><span style=\"font-family: 'Comic Sans MS', sans-serif; font-size: 13px;\"><br \/><\/span><\/p>\n<p style=\"margin-top: 0px; margin-right: 0px; margin-bottom: 0px; margin-left: 0px; text-align: center;\"><span style=\"font-family: 'Comic Sans MS', sans-serif; font-size: 13px;\"><span style=\"color: #424242;\"><b><font face=\"'Comic Sans MS'\">N 65\u00b0 37.522<\/font><\/b><\/span><\/span><\/p>\n<p style=\"margin-top: 0px; margin-right: 0px; margin-bottom: 0px; margin-left: 0px; text-align: center;\"><span style=\"color: #424242;\"><b><font face=\"'Comic Sans MS'\">E 022\u00b0 06.934<\/font><\/b><\/span><\/p>\n<p style=\"margin-top: 0px; margin-right: 0px; margin-bottom: 0px; margin-left: 0px; text-align: center;\"><\/p>\n<p style=\"margin-top: 0px; margin-right: 0px; margin-bottom: 0px; margin-left: 0px; text-align: center;\">\/Kalle Grump<\/p>\n<\/blockquote>\n<p>V\u00e4l p\u00e5 plats s\u00e5 hittade vi ett brev till:<\/p>\n<blockquote>\n<h1 style=\"font-size: 18pt; text-align: center;\"><span style=\"font-family: 'Comic Sans MS', sans-serif; font-size: 13px;\"><font face=\"'Comic Sans MS'\">Var \u00e4r Kalle Grump?<\/font><\/span><\/h1>\n<div style=\"margin-top: 0px; margin-bottom: 0px;\">\n<span style=\"font-family: 'Comic Sans MS', sans-serif; font-size: 13px;\"><br \/><\/span>\n<\/div>\n<div style=\"margin-top: 0px; margin-bottom: 0px; text-align: center;\">\n<span style=\"font-family: 'Comic Sans MS', sans-serif; font-size: 13px;\"><font face=\"'Comic Sans MS'\">Hej alla barn! Tack f\u00f6r att ni kunde komma!<\/font><\/span>\n<\/div>\n<div style=\"margin-top: 0px; margin-bottom: 0px; text-align: center;\">\n<span style=\"font-family: 'Comic Sans MS', sans-serif; font-size: 13px;\"><br \/><\/span>\n<\/div>\n<div style=\"margin-top: 0px; margin-bottom: 0px; text-align: center;\">\n<span style=\"font-family: 'Comic Sans MS', sans-serif; font-size: 13px;\"><font face=\"'Comic Sans MS'\">Jag hoppas ni haft det bra medan jag var p\u00e5 semester? Jag har varit i Aruba och vandrat p\u00e5 botten.<\/font><\/span>\n<\/div>\n<div style=\"margin-top: 0px; margin-bottom: 0px; text-align: center;\">\n<span style=\"font-family: 'Comic Sans MS', sans-serif; font-size: 13px;\"><br \/><\/span>\n<\/div>\n<div style=\"margin-top: 0px; margin-bottom: 0px; text-align: center;\">\n<span style=\"font-family: 'Comic Sans MS', sans-serif; font-size: 13px;\"><font face=\"'Comic Sans MS'\">H\u00e4r ser ni n\u00e5gra som vandrade med mig. De beh\u00f6vs hj\u00e4lmar men jag kan andas under vatten!<\/font><\/span>\n<\/div>\n<div style=\"margin-top: 0px; margin-bottom: 0px; text-align: center;\">\n<span style=\"font-family: 'Comic Sans MS', sans-serif; font-size: 13px;\"><br \/><\/span>\n<\/div>\n<div style=\"margin-top: 0px; margin-bottom: 0px; text-align: center;\">\n<span style=\"font-family: 'Comic Sans MS', sans-serif; font-size: 13px;\"><br \/><\/span>\n<\/div>\n<div style=\"margin-top: 0px; margin-bottom: 0px; text-align: center;\">\n<div id=\"iou7\" style=\"margin-top: 0px; margin-bottom: 0px; text-align: center;\">\n<span style=\"font-family: 'Comic Sans MS', sans-serif; font-size: 13px;\"><br \/>\n<a href=\"https:\/\/www.parnes.com\/blog\/aruba.jpg\"><img loading=\"lazy\" decoding=\"async\" src=\"https:\/\/www.parnes.com\/blog\/aruba-tm.jpg\" width=\"480\" height=\"639\" alt=\"aruba.jpeg\" \/><\/a><\/span>\n<\/div>\n<div id=\"f6kx\" style=\"margin-top: 0px; margin-bottom: 0px; text-align: center;\">\n<span style=\"font-family: 'Comic Sans MS', sans-serif; font-size: 13px;\"><br \/><\/span>\n<\/div>\n<div id=\"mhdj\" style=\"margin-top: 0px; margin-bottom: 0px; text-align: center;\">\n<span style=\"font-family: 'Comic Sans MS', sans-serif; font-size: 13px;\"><font face=\"'Comic Sans MS'\">H\u00e4ftigt eller hur?<\/font><\/span>\n<\/div>\n<div id=\"rhjh\" style=\"margin-top: 0px; margin-bottom: 0px; text-align: center;\">\n<span style=\"font-family: 'Comic Sans MS', sans-serif; font-size: 13px;\"><br \/><\/span>\n<\/div>\n<div id=\"x:y9\" style=\"margin-top: 0px; margin-bottom: 0px; text-align: center;\">\n<span style=\"font-family: 'Comic Sans MS', sans-serif; font-size: 13px;\"><font face=\"'Comic Sans MS'\">Tyv\u00e4rr kunde jag inte vara h\u00e4r idag f\u00f6r jag \u00e4r ute och flyger och hj\u00e4lper Himporna att st\u00e4da skogen s\u00e5 att den blir fin.<\/font><\/span>\n<\/div>\n<div id=\"c5b8\" style=\"margin-top: 0px; margin-bottom: 0px; text-align: center;\">\n<span style=\"font-family: 'Comic Sans MS', sans-serif; font-size: 13px;\"><br \/><\/span>\n<\/div>\n<div id=\"zqhp\" style=\"margin-top: 0px; margin-bottom: 0px; text-align: center;\">\n<span style=\"font-family: 'Comic Sans MS', sans-serif; font-size: 13px;\"><font face=\"'Comic Sans MS'\">Vi ses! Hej d\u00e5!<\/font><\/span>\n<\/div>\n<div id=\"jlp1\" style=\"margin-top: 0px; margin-bottom: 0px; text-align: center;\">\n<span style=\"font-family: 'Comic Sans MS', sans-serif; font-size: 13px;\"><br \/><\/span>\n<\/div>\n<div id=\"t.u_\" style=\"margin-top: 0px; margin-bottom: 0px; text-align: center;\">\n<span style=\"font-family: 'Comic Sans MS', sans-serif; font-size: 13px;\"><font face=\"'Comic Sans MS'\">H\u00e4lsa Tvisslorna fr\u00e5n mig!<\/p>\n<p>Ps. Om ni letar lite mer s\u00e5 kanske ni hittar mitt fikaf\u00f6rr\u00e5d. Ta f\u00f6r er!<\/font><\/span>\n<\/div>\n<\/div>\n<\/blockquote>\n<p>H\u00e4r \u00e4r lite bilder.<\/p>\n<p style=\"text-align: center;\">\n<a href=\"https:\/\/www.parnes.com\/blog\/090813 - 1.jpg\"><img loading=\"lazy\" decoding=\"async\" src=\"https:\/\/www.parnes.com\/blog\/090813 - 1-tm.jpg\" width=\"480\" height=\"360\" alt=\"090813 - 1.jpg\" \/><\/a><\/p>\n<p style=\"text-align: center;\">Tovah l\u00e4ser det andra brevet.<\/p>\n<p style=\"text-align: center;\"><a href=\"https:\/\/www.parnes.com\/blog\/090813 - 2.jpg\"><img loading=\"lazy\" decoding=\"async\" src=\"https:\/\/www.parnes.com\/blog\/090813 - 2-tm.jpg\" width=\"480\" height=\"360\" alt=\"090813 - 2.jpg\" \/><\/a><\/p>\n<p style=\"text-align: center;\">L\u00e4s&#8230;.<\/p>\n<p style=\"text-align: center;\"><a href=\"https:\/\/www.parnes.com\/blog\/090813 - 3.jpg\"><img loading=\"lazy\" decoding=\"async\" src=\"https:\/\/www.parnes.com\/blog\/090813 - 3-tm.jpg\" width=\"480\" height=\"360\" alt=\"090813 - 3.jpg\" \/><\/a><\/p>\n<p style=\"text-align: center;\">Oliver tycker om vatten i skogen.<\/p>\n<p style=\"text-align: center;\"><a href=\"https:\/\/www.parnes.com\/blog\/090813 - 4.jpg\"><img loading=\"lazy\" decoding=\"async\" src=\"https:\/\/www.parnes.com\/blog\/090813 - 4-tm.jpg\" width=\"480\" height=\"360\" alt=\"090813 - 4.jpg\" \/><\/a><\/p>\n<p style=\"text-align: center;\">P\u00e5 v\u00e4gen hem s\u00e5 talade barnen om f\u00f6r Tvisslorna vad som hade h\u00e4nt.<\/p>\n","protected":false},"excerpt":{"rendered":"<p>F\u00f6r n\u00e5gra dagar fick barnen ett andra brev fr\u00e5n Kalle Grump. Var \u00e4r Kalle Grump? Hej Tovah, Oliver och Anja! Jag hoppas ni har det bra! Kom till f\u00f6ljande plats s\u00e5 f\u00e5r ni veta mer om mina \u00e4ventyr: N 65\u00b0 37.522 E 022\u00b0 06.934 \/Kalle Grump V\u00e4l p\u00e5 plats s\u00e5 hittade vi ett brev till: &hellip; <a href=\"https:\/\/www.parnes.com\/blog\/index.php\/2009\/08\/16\/var_ar_kalle_grump_del_2\/\" class=\"more-link\">Continue reading <span class=\"screen-reader-text\">Var \u00e4r Kalle Grump del 2?<\/span> <span class=\"meta-nav\">&rarr;<\/span><\/a><\/p>\n","protected":false},"author":1,"featured_media":0,"comment_status":"open","ping_status":"open","sticky":false,"template":"","format":"standard","meta":{"footnotes":""},"categories":[4,9],"tags":[148],"class_list":["post-1963","post","type-post","status-publish","format-standard","hentry","category-drpeppar","category-photo","tag-barn"],"_links":{"self":[{"href":"https:\/\/www.parnes.com\/blog\/index.php\/wp-json\/wp\/v2\/posts\/1963","targetHints":{"allow":["GET"]}}],"collection":[{"href":"https:\/\/www.parnes.com\/blog\/index.php\/wp-json\/wp\/v2\/posts"}],"about":[{"href":"https:\/\/www.parnes.com\/blog\/index.php\/wp-json\/wp\/v2\/types\/post"}],"author":[{"embeddable":true,"href":"https:\/\/www.parnes.com\/blog\/index.php\/wp-json\/wp\/v2\/users\/1"}],"replies":[{"embeddable":true,"href":"https:\/\/www.parnes.com\/blog\/index.php\/wp-json\/wp\/v2\/comments?post=1963"}],"version-history":[{"count":0,"href":"https:\/\/www.parnes.com\/blog\/index.php\/wp-json\/wp\/v2\/posts\/1963\/revisions"}],"wp:attachment":[{"href":"https:\/\/www.parnes.com\/blog\/index.php\/wp-json\/wp\/v2\/media?parent=1963"}],"wp:term":[{"taxonomy":"category","embeddable":true,"href":"https:\/\/www.parnes.com\/blog\/index.php\/wp-json\/wp\/v2\/categories?post=1963"},{"taxonomy":"post_tag","embeddable":true,"href":"https:\/\/www.parnes.com\/blog\/index.php\/wp-json\/wp\/v2\/tags?post=1963"}],"curies":[{"name":"wp","href":"https:\/\/api.w.org\/{rel}","templated":true}]}}