{"id":1889,"date":"2009-06-08T09:51:05","date_gmt":"2009-06-08T09:51:05","guid":{"rendered":"http:\/\/www.parnes.com\/wordpress\/index.php\/2009\/06\/08\/webbkommentarer\/"},"modified":"2009-06-08T09:51:05","modified_gmt":"2009-06-08T09:51:05","slug":"webbkommentarer","status":"publish","type":"post","link":"https:\/\/www.parnes.com\/blog\/index.php\/2009\/06\/08\/webbkommentarer\/","title":{"rendered":"Webbkommentarer"},"content":{"rendered":"<p>Oj blev f\u00f6r en g\u00e5ngs skull ett par webbkommentarer och h\u00e4r kommer lite svar tillbaka:<\/p>\n<p><em>&gt; Bea undrade om jag skulle med upp till Muddus i helgen.<\/em><\/p>\n<p>Nja, jag tror jag hoppar \u00f6ver eftersom vi \u00e5ker till Abisko p\u00e5 m\u00e5ndag. M\u00e5ste ju hinna packa ocks\u00e5!<\/p>\n<p>&gt; <em>Bea p\u00e5st\u00e5r att jag tog de sista platserna i Abisko.<\/em><\/p>\n<p>Det var faktiskt full \u00f6ver midsommarnatten n\u00e4r jag kollade online men jag mailade dem och vips s\u00e5 fanns det plats i Keron (plus att vi blev flyttade till huvudbyggnaden 18-19\/6 ocks\u00e5). Ring\/maila dem!!<\/p>\n<p><em>&gt; Tibb beskrev hur familjen f\u00f6rsov sig p\u00e5 henens f\u00f6delsedag n\u00e4r hon var liten.<\/em><\/p>\n<p>Tovah var faktiskt vaken vid 6 redan och jag t\u00e4nkte INTE g\u00e5 upp d\u00e5 och fira henne. \u00c4r jag en elak pappa? I vilket fall som helst s\u00e5 fixade mamma allt ig\u00e5r (vi hade f\u00f6rberett dagen innan) och v\u00e4ckte mig n\u00e4r det var dags.<\/p>\n<p><em>&gt; Mats tyckte Canneloni \u00e4r pilligt.<\/em><\/p>\n<p>Jag tyckte inte det var s\u00e5 jobbigt faktiskt (f\u00f6rst\u00e5 g\u00e5ngen jag gjorde det). Man kl\u00e4mde till r\u00f6ret nedtill med de minsta fingrarna och sedan tryckte i fyllning med andra handen uppifr\u00e5n. Visst kan man g\u00f6ra lasagne ist\u00e4llet men canneloni var faktiskt godare tyckte jag.<\/p>\n<p><em>&gt; Mats kommenterade ell\u00e5dan.<\/em><\/p>\n<p>Jag hade n\u00e5got som heter Lilla Elektrikern n\u00e4r jag var liten. Mycket skoj men inte lika avancerade komponenter som i den Tovah fick. har den nog hos mamma eller pappa. F\u00e5r leka med den n\u00e4r jag kommer ner om n\u00e5gra veckor. Radion i Tovahs l\u00e5da funkade finfint och vi lyssnade p\u00e5 den n\u00e4r vi \u00e5t frukost idag \ud83d\ude42<\/p>\n<p><em>&gt; Lolita Loco vill vara liten igen!<\/em><\/p>\n<p>Vi \u00e4r s\u00e5 stora\/sm\u00e5 som vi k\u00e4nner oss! Man beh\u00f6ver inte ha barn f\u00f6r att f\u00e5 k\u00f6pa leksaker! \ud83d\ude42<\/p>\n","protected":false},"excerpt":{"rendered":"<p>Oj blev f\u00f6r en g\u00e5ngs skull ett par webbkommentarer och h\u00e4r kommer lite svar tillbaka: &gt; Bea undrade om jag skulle med upp till Muddus i helgen. Nja, jag tror jag hoppar \u00f6ver eftersom vi \u00e5ker till Abisko p\u00e5 m\u00e5ndag. M\u00e5ste ju hinna packa ocks\u00e5! &gt; Bea p\u00e5st\u00e5r att jag tog de sista platserna i &hellip; <a href=\"https:\/\/www.parnes.com\/blog\/index.php\/2009\/06\/08\/webbkommentarer\/\" class=\"more-link\">Continue reading <span class=\"screen-reader-text\">Webbkommentarer<\/span> <span class=\"meta-nav\">&rarr;<\/span><\/a><\/p>\n","protected":false},"author":1,"featured_media":0,"comment_status":"open","ping_status":"open","sticky":false,"template":"","format":"standard","meta":{"footnotes":""},"categories":[4],"tags":[146,148],"class_list":["post-1889","post","type-post","status-publish","format-standard","hentry","category-drpeppar","tag-abisko","tag-barn"],"_links":{"self":[{"href":"https:\/\/www.parnes.com\/blog\/index.php\/wp-json\/wp\/v2\/posts\/1889","targetHints":{"allow":["GET"]}}],"collection":[{"href":"https:\/\/www.parnes.com\/blog\/index.php\/wp-json\/wp\/v2\/posts"}],"about":[{"href":"https:\/\/www.parnes.com\/blog\/index.php\/wp-json\/wp\/v2\/types\/post"}],"author":[{"embeddable":true,"href":"https:\/\/www.parnes.com\/blog\/index.php\/wp-json\/wp\/v2\/users\/1"}],"replies":[{"embeddable":true,"href":"https:\/\/www.parnes.com\/blog\/index.php\/wp-json\/wp\/v2\/comments?post=1889"}],"version-history":[{"count":0,"href":"https:\/\/www.parnes.com\/blog\/index.php\/wp-json\/wp\/v2\/posts\/1889\/revisions"}],"wp:attachment":[{"href":"https:\/\/www.parnes.com\/blog\/index.php\/wp-json\/wp\/v2\/media?parent=1889"}],"wp:term":[{"taxonomy":"category","embeddable":true,"href":"https:\/\/www.parnes.com\/blog\/index.php\/wp-json\/wp\/v2\/categories?post=1889"},{"taxonomy":"post_tag","embeddable":true,"href":"https:\/\/www.parnes.com\/blog\/index.php\/wp-json\/wp\/v2\/tags?post=1889"}],"curies":[{"name":"wp","href":"https:\/\/api.w.org\/{rel}","templated":true}]}}