{"id":1876,"date":"2009-05-31T19:03:12","date_gmt":"2009-05-31T19:03:12","guid":{"rendered":"http:\/\/www.parnes.com\/wordpress\/index.php\/2009\/05\/31\/nasta_projekt_nytt_fonster_i_k\/"},"modified":"2009-05-31T19:03:12","modified_gmt":"2009-05-31T19:03:12","slug":"nasta_projekt_nytt_fonster_i_k","status":"publish","type":"post","link":"https:\/\/www.parnes.com\/blog\/index.php\/2009\/05\/31\/nasta_projekt_nytt_fonster_i_k\/","title":{"rendered":"N\u00e4sta projekt &#8211; Nytt f\u00f6nster i k\u00f6ket"},"content":{"rendered":"<p>F\u00f6r att f\u00e5 in mer ljus i k\u00f6ket s\u00e5 s\u00e4tter vi in ett nytt f\u00f6nster \u00f6ver diskb\u00e4nken. Utsikten blir bara grannens garage men det kommer att ge en hel del extra ljus.<\/p>\n<p style=\"text-align: center;\"><a href=\"https:\/\/www.parnes.com\/blog\/090531 Fonster - 08.jpg\"><img loading=\"lazy\" decoding=\"async\" src=\"https:\/\/www.parnes.com\/blog\/090531 Fonster - 08-tm.jpg\" width=\"500\" height=\"375\" alt=\"090531 Fonster - 08.jpg\" \/><\/a><\/p>\n<p style=\"text-align: center;\">F\u00f6rst s\u00e5gar jag ut det yttre skiktet f\u00f6r jag vet inte riktigt var elr\u00f6ren g\u00e5r. Plus att om ytterskiktet \u00e4r kvar s\u00e5 blir det inget h\u00e5l \u00f6ppet \u00f6ver natten.<\/p>\n<p style=\"text-align: center;\"><a href=\"https:\/\/www.parnes.com\/blog\/090531 Fonster - 09.jpg\"><img loading=\"lazy\" decoding=\"async\" src=\"https:\/\/www.parnes.com\/blog\/090531 Fonster - 09-tm.jpg\" width=\"500\" height=\"375\" alt=\"090531 Fonster - 09.jpg\" \/><\/a><\/p>\n<p style=\"text-align: center;\">Vrooom.<\/p>\n<p style=\"text-align: center;\"><a href=\"https:\/\/www.parnes.com\/blog\/090531 Fonster - 10.jpg\"><img loading=\"lazy\" decoding=\"async\" src=\"https:\/\/www.parnes.com\/blog\/090531 Fonster - 10-tm.jpg\" width=\"500\" height=\"375\" alt=\"090531 Fonster - 10.jpg\" \/><\/a><\/p>\n<p style=\"text-align: center;\">Tada! Elr\u00f6ret p\u00e5 bilden skall dras om med flexir\u00f6r s\u00e5 det g\u00e5r runt det nya f\u00f6nstret.<\/p>\n","protected":false},"excerpt":{"rendered":"<p>F\u00f6r att f\u00e5 in mer ljus i k\u00f6ket s\u00e5 s\u00e4tter vi in ett nytt f\u00f6nster \u00f6ver diskb\u00e4nken. Utsikten blir bara grannens garage men det kommer att ge en hel del extra ljus. F\u00f6rst s\u00e5gar jag ut det yttre skiktet f\u00f6r jag vet inte riktigt var elr\u00f6ren g\u00e5r. Plus att om ytterskiktet \u00e4r kvar s\u00e5 blir &hellip; <a href=\"https:\/\/www.parnes.com\/blog\/index.php\/2009\/05\/31\/nasta_projekt_nytt_fonster_i_k\/\" class=\"more-link\">Continue reading <span class=\"screen-reader-text\">N\u00e4sta projekt &#8211; Nytt f\u00f6nster i k\u00f6ket<\/span> <span class=\"meta-nav\">&rarr;<\/span><\/a><\/p>\n","protected":false},"author":1,"featured_media":0,"comment_status":"open","ping_status":"open","sticky":false,"template":"","format":"standard","meta":{"footnotes":""},"categories":[4,9],"tags":[169],"class_list":["post-1876","post","type-post","status-publish","format-standard","hentry","category-drpeppar","category-photo","tag-bygga"],"_links":{"self":[{"href":"https:\/\/www.parnes.com\/blog\/index.php\/wp-json\/wp\/v2\/posts\/1876","targetHints":{"allow":["GET"]}}],"collection":[{"href":"https:\/\/www.parnes.com\/blog\/index.php\/wp-json\/wp\/v2\/posts"}],"about":[{"href":"https:\/\/www.parnes.com\/blog\/index.php\/wp-json\/wp\/v2\/types\/post"}],"author":[{"embeddable":true,"href":"https:\/\/www.parnes.com\/blog\/index.php\/wp-json\/wp\/v2\/users\/1"}],"replies":[{"embeddable":true,"href":"https:\/\/www.parnes.com\/blog\/index.php\/wp-json\/wp\/v2\/comments?post=1876"}],"version-history":[{"count":0,"href":"https:\/\/www.parnes.com\/blog\/index.php\/wp-json\/wp\/v2\/posts\/1876\/revisions"}],"wp:attachment":[{"href":"https:\/\/www.parnes.com\/blog\/index.php\/wp-json\/wp\/v2\/media?parent=1876"}],"wp:term":[{"taxonomy":"category","embeddable":true,"href":"https:\/\/www.parnes.com\/blog\/index.php\/wp-json\/wp\/v2\/categories?post=1876"},{"taxonomy":"post_tag","embeddable":true,"href":"https:\/\/www.parnes.com\/blog\/index.php\/wp-json\/wp\/v2\/tags?post=1876"}],"curies":[{"name":"wp","href":"https:\/\/api.w.org\/{rel}","templated":true}]}}