{"id":1839,"date":"2009-05-07T17:30:31","date_gmt":"2009-05-07T17:30:31","guid":{"rendered":"http:\/\/www.parnes.com\/wordpress\/index.php\/2009\/05\/07\/selets_bruk\/"},"modified":"2009-05-07T17:30:31","modified_gmt":"2009-05-07T17:30:31","slug":"selets_bruk","status":"publish","type":"post","link":"https:\/\/www.parnes.com\/blog\/index.php\/2009\/05\/07\/selets_bruk\/","title":{"rendered":"Selets Bruk"},"content":{"rendered":"<blockquote>\n<p>\u00c5r 1798 ans\u00f6kte bergsr\u00e5det och friherren Samuel Gustaf Hermelin om att vid \u00d6stra Selet vid \u201dSelelfven\u201d f\u00e5 anl\u00e4gga en hytta med tillh\u00f6rande st\u00e5ngj\u00e4rnssmedja.<\/p>\n<p>F\u00f6r att anl\u00e4gga och driva ett j\u00e4rnbruk kr\u00e4vdes mycket kapital, d\u00e4rf\u00f6r \u00e5terfanns bruks\u00e4garna i de h\u00f6gre st\u00e5nden. Samuel Gustaf Hermelin var baron. \u00c5r 1810 \u00f6vertogs bruket av Hermelins sv\u00e5ger greve Sandels (historiskt k\u00e4nd som generalmajor fr\u00e5n slaget vid Vitabro). Som kronan p\u00e5 verket blev 1818 kung Karl XIV Johan \u00e4gare! Bruket kvarstod i kunglig \u00e4go fram till slutet av 1850-talet. N\u00e4sta \u00e5rtionde \u00f6vertogs det av gruvbolaget G\u00e4llivara AB. Bolaget satsade p\u00e5 f\u00f6rnyelse och ombyggnation och Selet blev den st\u00f6rsta arbetsplatsen i Norrbotten. \u00c5r 1881 bodde s\u00e5 m\u00e5nga som 354 personer p\u00e5 Selets bruk. Men brukets framtid var snart all, processen var f\u00f6r\u00e5ldrad. \u00c5r 1897 upph\u00f6rde driften i Selet och en 99-\u00e5rig epok var \u00f6ver.<\/p>\n<\/blockquote>\n<p>Idag \u00e4r det en mycket trevlig plats med raststugor, grillplatser, ved och toaletter. Mycket mysigt st\u00e4lle.<\/p>\n<p style=\"text-align: center;\">&nbsp;&nbsp;<a href=\"https:\/\/www.parnes.com\/blog\/090507%20-%2009.jpg\"><img loading=\"lazy\" decoding=\"async\" src=\"https:\/\/www.parnes.com\/blog\/090507%20-%2009-tm.jpg\" width=\"500\" height=\"375\" alt=\"090507 - 09.jpg\" \/><\/a><\/p>\n<p style=\"text-align: center;\"><a href=\"https:\/\/www.parnes.com\/blog\/090507%20-%2010.jpg\"><img loading=\"lazy\" decoding=\"async\" src=\"https:\/\/www.parnes.com\/blog\/090507%20-%2010-tm.jpg\" width=\"500\" height=\"375\" alt=\"090507 - 10.jpg\" \/><\/a><\/p>\n<p style=\"text-align: center;\"><a href=\"https:\/\/www.parnes.com\/blog\/090507%20-%2011.jpg\"><img loading=\"lazy\" decoding=\"async\" src=\"https:\/\/www.parnes.com\/blog\/090507%20-%2011-tm.jpg\" width=\"500\" height=\"375\" alt=\"090507 - 11.jpg\" \/><\/a><\/p>\n<p style=\"text-align: center;\"><a href=\"https:\/\/www.parnes.com\/blog\/090507%20-%2012.jpg\"><img loading=\"lazy\" decoding=\"async\" src=\"https:\/\/www.parnes.com\/blog\/090507%20-%2012-tm.jpg\" width=\"500\" height=\"375\" alt=\"090507 - 12.jpg\" \/><\/a><\/p>\n<p style=\"text-align: center;\"><a href=\"https:\/\/www.parnes.com\/blog\/090507%20-%2013.jpg\"><img loading=\"lazy\" decoding=\"async\" src=\"https:\/\/www.parnes.com\/blog\/090507%20-%2013-tm.jpg\" width=\"500\" height=\"375\" alt=\"090507 - 13.jpg\" \/><\/a><\/p>\n<p style=\"text-align: center;\"><a href=\"https:\/\/www.parnes.com\/blog\/090507%20-%2014.jpg\"><img loading=\"lazy\" decoding=\"async\" src=\"https:\/\/www.parnes.com\/blog\/090507%20-%2014-tm.jpg\" width=\"500\" height=\"375\" alt=\"090507 - 14.jpg\" \/><\/a><\/p>\n<p style=\"text-align: center;\">Resterna av masugnen. Det gick 40.000 liter kol f\u00f6r att sm\u00e4lta 127 l j\u00e4rn.<\/p>\n<p style=\"text-align: center;\"><a href=\"https:\/\/www.parnes.com\/blog\/090507%20-%2015.jpg\"><img loading=\"lazy\" decoding=\"async\" src=\"https:\/\/www.parnes.com\/blog\/090507%20-%2015-tm.jpg\" width=\"500\" height=\"375\" alt=\"090507 - 15.jpg\" \/><\/a><\/p>\n<p style=\"text-align: center;\"><a href=\"https:\/\/www.parnes.com\/blog\/090507%20-%2016.jpg\"><img loading=\"lazy\" decoding=\"async\" src=\"https:\/\/www.parnes.com\/blog\/090507%20-%2016-tm.jpg\" width=\"500\" height=\"666\" alt=\"090507 - 16.jpg\" \/><\/a><\/p>\n<p style=\"text-align: center;\"><a href=\"https:\/\/www.parnes.com\/blog\/090507%20-%2017.jpg\"><img loading=\"lazy\" decoding=\"async\" src=\"https:\/\/www.parnes.com\/blog\/090507%20-%2017-tm.jpg\" width=\"500\" height=\"666\" alt=\"090507 - 17.jpg\" \/><\/a><\/p>\n<p style=\"text-align: center;\"><a href=\"https:\/\/www.parnes.com\/blog\/090507%20-%2018.jpg\"><img loading=\"lazy\" decoding=\"async\" src=\"https:\/\/www.parnes.com\/blog\/090507%20-%2018-tm.jpg\" width=\"500\" height=\"375\" alt=\"090507 - 18.jpg\" \/><\/a><\/p>\n<p style=\"text-align: center;\">Raststugorna<\/p>\n<p style=\"text-align: center;\"><a href=\"https:\/\/www.parnes.com\/blog\/090507%20-%2019.jpg\"><img loading=\"lazy\" decoding=\"async\" src=\"https:\/\/www.parnes.com\/blog\/090507%20-%2019-tm.jpg\" width=\"500\" height=\"375\" alt=\"090507 - 19.jpg\" \/><\/a><\/p>\n<p style=\"text-align: center;\"><a href=\"https:\/\/www.parnes.com\/blog\/090507%20-%2020.jpg\"><img loading=\"lazy\" decoding=\"async\" src=\"https:\/\/www.parnes.com\/blog\/090507%20-%2020-tm.jpg\" width=\"500\" height=\"375\" alt=\"090507 - 20.jpg\" \/><\/a><\/p>\n<p style=\"text-align: center;\"><a href=\"https:\/\/www.parnes.com\/blog\/090507%20-%2021.jpg\"><img loading=\"lazy\" decoding=\"async\" src=\"https:\/\/www.parnes.com\/blog\/090507%20-%2021-tm.jpg\" width=\"500\" height=\"375\" alt=\"090507 - 21.jpg\" \/><\/a><\/p>\n<p style=\"text-align: center;\"><a href=\"https:\/\/www.parnes.com\/blog\/090507%20-%2022.jpg\"><img loading=\"lazy\" decoding=\"async\" src=\"https:\/\/www.parnes.com\/blog\/090507%20-%2022-tm.jpg\" width=\"500\" height=\"375\" alt=\"090507 - 22.jpg\" \/><\/a><\/p>\n","protected":false},"excerpt":{"rendered":"<p>\u00c5r 1798 ans\u00f6kte bergsr\u00e5det och friherren Samuel Gustaf Hermelin om att vid \u00d6stra Selet vid \u201dSelelfven\u201d f\u00e5 anl\u00e4gga en hytta med tillh\u00f6rande st\u00e5ngj\u00e4rnssmedja. F\u00f6r att anl\u00e4gga och driva ett j\u00e4rnbruk kr\u00e4vdes mycket kapital, d\u00e4rf\u00f6r \u00e5terfanns bruks\u00e4garna i de h\u00f6gre st\u00e5nden. Samuel Gustaf Hermelin var baron. \u00c5r 1810 \u00f6vertogs bruket av Hermelins sv\u00e5ger greve Sandels (historiskt &hellip; <a href=\"https:\/\/www.parnes.com\/blog\/index.php\/2009\/05\/07\/selets_bruk\/\" class=\"more-link\">Continue reading <span class=\"screen-reader-text\">Selets Bruk<\/span> <span class=\"meta-nav\">&rarr;<\/span><\/a><\/p>\n","protected":false},"author":1,"featured_media":0,"comment_status":"open","ping_status":"open","sticky":false,"template":"","format":"standard","meta":{"footnotes":""},"categories":[3],"tags":[154,147],"class_list":["post-1839","post","type-post","status-publish","format-standard","hentry","category-travel","tag-lulea","tag-ute"],"_links":{"self":[{"href":"https:\/\/www.parnes.com\/blog\/index.php\/wp-json\/wp\/v2\/posts\/1839","targetHints":{"allow":["GET"]}}],"collection":[{"href":"https:\/\/www.parnes.com\/blog\/index.php\/wp-json\/wp\/v2\/posts"}],"about":[{"href":"https:\/\/www.parnes.com\/blog\/index.php\/wp-json\/wp\/v2\/types\/post"}],"author":[{"embeddable":true,"href":"https:\/\/www.parnes.com\/blog\/index.php\/wp-json\/wp\/v2\/users\/1"}],"replies":[{"embeddable":true,"href":"https:\/\/www.parnes.com\/blog\/index.php\/wp-json\/wp\/v2\/comments?post=1839"}],"version-history":[{"count":0,"href":"https:\/\/www.parnes.com\/blog\/index.php\/wp-json\/wp\/v2\/posts\/1839\/revisions"}],"wp:attachment":[{"href":"https:\/\/www.parnes.com\/blog\/index.php\/wp-json\/wp\/v2\/media?parent=1839"}],"wp:term":[{"taxonomy":"category","embeddable":true,"href":"https:\/\/www.parnes.com\/blog\/index.php\/wp-json\/wp\/v2\/categories?post=1839"},{"taxonomy":"post_tag","embeddable":true,"href":"https:\/\/www.parnes.com\/blog\/index.php\/wp-json\/wp\/v2\/tags?post=1839"}],"curies":[{"name":"wp","href":"https:\/\/api.w.org\/{rel}","templated":true}]}}