{"id":1825,"date":"2009-04-26T19:11:41","date_gmt":"2009-04-26T19:11:41","guid":{"rendered":"http:\/\/www.parnes.com\/wordpress\/index.php\/2009\/04\/26\/cykling_2\/"},"modified":"2009-04-26T19:11:41","modified_gmt":"2009-04-26T19:11:41","slug":"cykling_2","status":"publish","type":"post","link":"https:\/\/www.parnes.com\/blog\/index.php\/2009\/04\/26\/cykling_2\/","title":{"rendered":"Cykling"},"content":{"rendered":"<p>H\u00e4rligt att v\u00e5ren \u00e4r h\u00e4r f\u00f6r d\u00e5 kan man komma ut och cykla. Denna vecka har jag cyklat n\u00e4stan 14 mil totalt och det m\u00e4rks att man har varit ute och g\u00e5tt en massa f\u00f6r cyklingen rullar p\u00e5 s\u00e5 l\u00e4tt. I fredags blev det 26Km fast\u00e4n jag ville cykla l\u00e4ngre f\u00f6r jag hade en g\u00e4st p\u00e5 ing\u00e5ende. Hade lika v\u00e4l kunnat cykla l\u00e4ngre f\u00f6r han kom 2 timmar f\u00f6r sent (n\u00e5ja, det var lite missf\u00f6rst\u00e5nd g\u00e4llande tiden). Ig\u00e5r blev det en lugn tur p\u00e5 22Km med frun (det finns inte s\u00e5 mycket fart i henne :)) och idag blev det 9Km fram och tillbaka med frun s\u00e5 inte s\u00e5 fort det heller. Imorgon &#8220;m\u00e5ste&#8221; jag bara komma ut och k\u00f6ra en rej\u00e4l l\u00e5ng runda. Kanske sikta p\u00e5 en 50Km runda? Synd att inte Avan-f\u00e4rgan har \u00f6ppnat \u00e4nnu f\u00f6r det \u00e4r en trevlig runda&#8230; &nbsp;&nbsp;<\/p>\n","protected":false},"excerpt":{"rendered":"<p>H\u00e4rligt att v\u00e5ren \u00e4r h\u00e4r f\u00f6r d\u00e5 kan man komma ut och cykla. Denna vecka har jag cyklat n\u00e4stan 14 mil totalt och det m\u00e4rks att man har varit ute och g\u00e5tt en massa f\u00f6r cyklingen rullar p\u00e5 s\u00e5 l\u00e4tt. I fredags blev det 26Km fast\u00e4n jag ville cykla l\u00e4ngre f\u00f6r jag hade en g\u00e4st &hellip; <a href=\"https:\/\/www.parnes.com\/blog\/index.php\/2009\/04\/26\/cykling_2\/\" class=\"more-link\">Continue reading <span class=\"screen-reader-text\">Cykling<\/span> <span class=\"meta-nav\">&rarr;<\/span><\/a><\/p>\n","protected":false},"author":1,"featured_media":0,"comment_status":"open","ping_status":"open","sticky":false,"template":"","format":"standard","meta":{"footnotes":""},"categories":[4],"tags":[158],"class_list":["post-1825","post","type-post","status-publish","format-standard","hentry","category-drpeppar","tag-cykla"],"_links":{"self":[{"href":"https:\/\/www.parnes.com\/blog\/index.php\/wp-json\/wp\/v2\/posts\/1825","targetHints":{"allow":["GET"]}}],"collection":[{"href":"https:\/\/www.parnes.com\/blog\/index.php\/wp-json\/wp\/v2\/posts"}],"about":[{"href":"https:\/\/www.parnes.com\/blog\/index.php\/wp-json\/wp\/v2\/types\/post"}],"author":[{"embeddable":true,"href":"https:\/\/www.parnes.com\/blog\/index.php\/wp-json\/wp\/v2\/users\/1"}],"replies":[{"embeddable":true,"href":"https:\/\/www.parnes.com\/blog\/index.php\/wp-json\/wp\/v2\/comments?post=1825"}],"version-history":[{"count":0,"href":"https:\/\/www.parnes.com\/blog\/index.php\/wp-json\/wp\/v2\/posts\/1825\/revisions"}],"wp:attachment":[{"href":"https:\/\/www.parnes.com\/blog\/index.php\/wp-json\/wp\/v2\/media?parent=1825"}],"wp:term":[{"taxonomy":"category","embeddable":true,"href":"https:\/\/www.parnes.com\/blog\/index.php\/wp-json\/wp\/v2\/categories?post=1825"},{"taxonomy":"post_tag","embeddable":true,"href":"https:\/\/www.parnes.com\/blog\/index.php\/wp-json\/wp\/v2\/tags?post=1825"}],"curies":[{"name":"wp","href":"https:\/\/api.w.org\/{rel}","templated":true}]}}