{"id":1816,"date":"2009-04-13T16:43:27","date_gmt":"2009-04-13T16:43:27","guid":{"rendered":"http:\/\/www.parnes.com\/wordpress\/index.php\/2009\/04\/13\/abisko_april_2009_dag_5\/"},"modified":"2009-04-13T16:43:27","modified_gmt":"2009-04-13T16:43:27","slug":"abisko_april_2009_dag_5","status":"publish","type":"post","link":"https:\/\/www.parnes.com\/blog\/index.php\/2009\/04\/13\/abisko_april_2009_dag_5\/","title":{"rendered":"Abisko April 2009 &#8211; Dag 5"},"content":{"rendered":"<p>Idag blev det en v\u00e4ldigt lugn dag. Vi b\u00f6rjade dagen men en l\u00e5ngsam frukost, Tovah f\u00f6rsvann efter ett tag f\u00f6r att leka med husbarnen och jag satt och l\u00e4ste till 945. Sedan tyckte jag det var dags att bege sig ut och g\u00f6ra n\u00e5got men det var gr\u00e5mulet och ruggigt s\u00e5 vi gick upp p\u00e5 rummet och s\u00e5 l\u00e4ste jag Harry Potter f\u00f6r Tovah i 2 timmar! Riktigt avkopplande. Sedan var det dags att \u00e4ta igen. Lunchen bestod av rensoppa med klimp men nybakat br\u00f6d. J\u00e4ttegott. Tovah \u00e4r inte s\u00e5 f\u00f6rtjust i soppor men h\u00e4r var det mycket stora gr\u00f6nssaksbitar inklusive potatis vilket passade henne.<\/p>\n<p>Efter maten var vi &#8220;tvungna&#8221; att komma ut lite s\u00e5 vi best\u00e4mde att vi skulle g\u00e5 till Abisko \u00d6stra, fast inte via v\u00e4gen utan via stranden och isen. P\u00e5 med alla kl\u00e4der och iv\u00e4g. Det var riktigt varmt ute och vi svettades strax i v\u00e4rmen. Sn\u00f6n p\u00e5 marken svettades ocks\u00e5 ordentligt och det var mycket jobbigt att g\u00e5. Genomtramp p\u00e5 stigen. Nu har det b\u00f6rjat sm\u00e4lta rej\u00e4lt och n\u00e4r vi kom ner till stranden hade det sm\u00e4lt undan en hel del <span style=\"font-size: 13px;\">och vi kom bara en liten bit ut f\u00f6r isen var lagom bl\u00e5 och fin == halvrutten och vi trodde inte den skulle h\u00e5lla s\u00e5 bra s\u00e5 vi gick lite l\u00e4ngre in och t\u00e4nkte forts\u00e4tta mot Abisko \u00d6stra via stranden.<\/span><\/p>\n<p>N\u00e4r vi kom till jokken s\u00e5 var vi f\u00f6rst tveksamma om vi kunde g\u00e5 \u00f6ver f\u00f6r nu hade det b\u00f6rja ruttna \u00e4ven h\u00e4r men vi kom \u00f6ver. P\u00e5 andra sidan pulsade vi upp i skogen och fram till v\u00e4gen till hamnen. V\u00e4l d\u00e4r nere s\u00e5 s\u00e5g jag direkt att vi inte skulle komma vidare till Abisko \u00d6stra utan skidor s\u00e5 vi slappade lite p\u00e5 betongdelen av bryggan och nu b\u00f6rjade det regna p\u00e5 oss. SUCK! Ja det var ju bara lite dugg men \u00e4nd\u00e5. Vi begav oss hem\u00e5t och v\u00e4l h\u00e4r s\u00e5 st\u00e4dade jag rummet lite och Tovah f\u00f6rsvann f\u00f6r att basta med Lova och hennes mamma och h\u00e4r sitter jag och bloggar och chattar med frun!<\/p>\n<p>Ps. Bea, ber s\u00e5 mycket om urs\u00e4kt att jag torterar dig! \ud83d\ude42<\/p>\n<p style=\"text-align: center;\"><a href=\"https:\/\/www.parnes.com\/blog\/Abisko 0904 Dag 5 - 01.jpg\"><img loading=\"lazy\" decoding=\"async\" src=\"https:\/\/www.parnes.com\/blog\/Abisko 0904 Dag 5 - 01-tm.jpg\" width=\"500\" height=\"375\" alt=\"Abisko 0904 Dag 5 - 01.jpg\" \/><\/a><\/p>\n<p style=\"text-align: center;\">H\u00e4r \u00e4r den fina isen som b\u00f6rjar sm\u00e4lta i deltat.<\/p>\n<p style=\"text-align: center;\"><a href=\"https:\/\/www.parnes.com\/blog\/Abisko 0904 Dag 5 - 02.jpg\"><img loading=\"lazy\" decoding=\"async\" src=\"https:\/\/www.parnes.com\/blog\/Abisko 0904 Dag 5 - 02-tm.jpg\" width=\"500\" height=\"375\" alt=\"Abisko 0904 Dag 5 - 02.jpg\" \/><\/a><\/p>\n<p style=\"text-align: center;\"><a href=\"https:\/\/www.parnes.com\/blog\/Abisko 0904 Dag 5 - 03.jpg\"><img loading=\"lazy\" decoding=\"async\" src=\"https:\/\/www.parnes.com\/blog\/Abisko 0904 Dag 5 - 03-tm.jpg\" width=\"500\" height=\"375\" alt=\"Abisko 0904 Dag 5 - 03.jpg\" \/><\/a><\/p>\n<p style=\"text-align: center;\"><a href=\"https:\/\/www.parnes.com\/blog\/Abisko 0904 Dag 5 - 04.jpg\"><img loading=\"lazy\" decoding=\"async\" src=\"https:\/\/www.parnes.com\/blog\/Abisko 0904 Dag 5 - 04-tm.jpg\" width=\"500\" height=\"375\" alt=\"Abisko 0904 Dag 5 - 04.jpg\" \/><\/a><\/p>\n<p style=\"text-align: center;\">Jokken!<\/p>\n<p style=\"text-align: center;\"><a href=\"https:\/\/www.parnes.com\/blog\/Abisko 0904 Dag 5 - 05.jpg\"><img loading=\"lazy\" decoding=\"async\" src=\"https:\/\/www.parnes.com\/blog\/Abisko 0904 Dag 5 - 05-tm.jpg\" width=\"500\" height=\"375\" alt=\"Abisko 0904 Dag 5 - 05.jpg\" \/><\/a><\/p>\n<p style=\"text-align: center;\"><a href=\"https:\/\/www.parnes.com\/blog\/Abisko 0904 Dag 5 - 06.jpg\"><img loading=\"lazy\" decoding=\"async\" src=\"https:\/\/www.parnes.com\/blog\/Abisko 0904 Dag 5 - 06-tm.jpg\" width=\"500\" height=\"666\" alt=\"Abisko 0904 Dag 5 - 06.jpg\" \/><\/a><\/p>\n<p style=\"text-align: center;\"><a href=\"https:\/\/www.parnes.com\/blog\/Abisko 0904 Dag 5 - 07.jpg\"><img loading=\"lazy\" decoding=\"async\" src=\"https:\/\/www.parnes.com\/blog\/Abisko 0904 Dag 5 - 07-tm.jpg\" width=\"500\" height=\"666\" alt=\"Abisko 0904 Dag 5 - 07.jpg\" \/><\/a><\/p>\n<p style=\"text-align: center;\">H\u00e4r gick vi \u00f6ver!<\/p>\n<p style=\"text-align: center;\"><a href=\"https:\/\/www.parnes.com\/blog\/Abisko 0904 Dag 5 - 08.jpg\"><img loading=\"lazy\" decoding=\"async\" src=\"https:\/\/www.parnes.com\/blog\/Abisko 0904 Dag 5 - 08-tm.jpg\" width=\"500\" height=\"375\" alt=\"Abisko 0904 Dag 5 - 08.jpg\" \/><\/a><\/p>\n<p style=\"text-align: center;\"><a href=\"https:\/\/www.parnes.com\/blog\/Abisko 0904 Dag 5 - 09.jpg\"><img loading=\"lazy\" decoding=\"async\" src=\"https:\/\/www.parnes.com\/blog\/Abisko 0904 Dag 5 - 09-tm.jpg\" width=\"500\" height=\"375\" alt=\"Abisko 0904 Dag 5 - 09.jpg\" \/><\/a><\/p>\n<p style=\"text-align: center;\">En jag!<\/p>\n<p style=\"text-align: center;\"><a href=\"https:\/\/www.parnes.com\/blog\/Abisko 0904 Dag 5 - 10.jpg\"><img loading=\"lazy\" decoding=\"async\" src=\"https:\/\/www.parnes.com\/blog\/Abisko 0904 Dag 5 - 10-tm.jpg\" width=\"500\" height=\"375\" alt=\"Abisko 0904 Dag 5 - 10.jpg\" \/><\/a><\/p>\n<p style=\"text-align: center;\"><\/p>\n","protected":false},"excerpt":{"rendered":"<p>Idag blev det en v\u00e4ldigt lugn dag. Vi b\u00f6rjade dagen men en l\u00e5ngsam frukost, Tovah f\u00f6rsvann efter ett tag f\u00f6r att leka med husbarnen och jag satt och l\u00e4ste till 945. Sedan tyckte jag det var dags att bege sig ut och g\u00f6ra n\u00e5got men det var gr\u00e5mulet och ruggigt s\u00e5 vi gick upp p\u00e5 &hellip; <a href=\"https:\/\/www.parnes.com\/blog\/index.php\/2009\/04\/13\/abisko_april_2009_dag_5\/\" class=\"more-link\">Continue reading <span class=\"screen-reader-text\">Abisko April 2009 &#8211; Dag 5<\/span> <span class=\"meta-nav\">&rarr;<\/span><\/a><\/p>\n","protected":false},"author":1,"featured_media":0,"comment_status":"open","ping_status":"open","sticky":false,"template":"","format":"standard","meta":{"footnotes":""},"categories":[4,9,3],"tags":[146,148,153,147],"class_list":["post-1816","post","type-post","status-publish","format-standard","hentry","category-drpeppar","category-photo","category-travel","tag-abisko","tag-barn","tag-jag","tag-ute"],"_links":{"self":[{"href":"https:\/\/www.parnes.com\/blog\/index.php\/wp-json\/wp\/v2\/posts\/1816","targetHints":{"allow":["GET"]}}],"collection":[{"href":"https:\/\/www.parnes.com\/blog\/index.php\/wp-json\/wp\/v2\/posts"}],"about":[{"href":"https:\/\/www.parnes.com\/blog\/index.php\/wp-json\/wp\/v2\/types\/post"}],"author":[{"embeddable":true,"href":"https:\/\/www.parnes.com\/blog\/index.php\/wp-json\/wp\/v2\/users\/1"}],"replies":[{"embeddable":true,"href":"https:\/\/www.parnes.com\/blog\/index.php\/wp-json\/wp\/v2\/comments?post=1816"}],"version-history":[{"count":0,"href":"https:\/\/www.parnes.com\/blog\/index.php\/wp-json\/wp\/v2\/posts\/1816\/revisions"}],"wp:attachment":[{"href":"https:\/\/www.parnes.com\/blog\/index.php\/wp-json\/wp\/v2\/media?parent=1816"}],"wp:term":[{"taxonomy":"category","embeddable":true,"href":"https:\/\/www.parnes.com\/blog\/index.php\/wp-json\/wp\/v2\/categories?post=1816"},{"taxonomy":"post_tag","embeddable":true,"href":"https:\/\/www.parnes.com\/blog\/index.php\/wp-json\/wp\/v2\/tags?post=1816"}],"curies":[{"name":"wp","href":"https:\/\/api.w.org\/{rel}","templated":true}]}}