{"id":1807,"date":"2009-04-08T20:35:46","date_gmt":"2009-04-08T20:35:46","guid":{"rendered":"http:\/\/www.parnes.com\/wordpress\/index.php\/2009\/04\/08\/abisko_dag_6_mars_2009\/"},"modified":"2009-04-08T20:35:46","modified_gmt":"2009-04-08T20:35:46","slug":"abisko_dag_6_mars_2009","status":"publish","type":"post","link":"https:\/\/www.parnes.com\/blog\/index.php\/2009\/04\/08\/abisko_dag_6_mars_2009\/","title":{"rendered":"Abisko dag 6 &#8211; mars 2009"},"content":{"rendered":"<p>H\u00e4r kommer \u00e4nnu lite fler utlovade bilder fr\u00e5n v\u00e5r f\u00f6rra Abisko resa &#8211; dag 6, mars 2009.<\/p>\n<p style=\"text-align: center;\"><\/p>\n<p>\n<a href=\"https:\/\/www.parnes.com\/blog\/Abisko Dag 6  - 01.jpg\"><img loading=\"lazy\" decoding=\"async\" src=\"https:\/\/www.parnes.com\/blog\/Abisko Dag 6  - 01-tm.jpg\" width=\"500\" height=\"375\" alt=\"Abisko Dag 6  - 01.jpg\" \/><\/a> <a href=\"https:\/\/www.parnes.com\/blog\/Abisko Dag 6  - 02.jpg\"><img loading=\"lazy\" decoding=\"async\" src=\"https:\/\/www.parnes.com\/blog\/Abisko Dag 6  - 02-tm.jpg\" width=\"500\" height=\"375\" alt=\"Abisko Dag 6  - 02.jpg\" \/><\/a> <a href=\"https:\/\/www.parnes.com\/blog\/Abisko Dag 6  - 03.jpg\"><img loading=\"lazy\" decoding=\"async\" src=\"https:\/\/www.parnes.com\/blog\/Abisko Dag 6  - 03-tm.jpg\" width=\"500\" height=\"375\" alt=\"Abisko Dag 6  - 03.jpg\" \/><\/a> <a href=\"https:\/\/www.parnes.com\/blog\/Abisko Dag 6  - 04.jpg\"><img loading=\"lazy\" decoding=\"async\" src=\"https:\/\/www.parnes.com\/blog\/Abisko Dag 6  - 04-tm.jpg\" width=\"500\" height=\"375\" alt=\"Abisko Dag 6  - 04.jpg\" \/><\/a> <a href=\"https:\/\/www.parnes.com\/blog\/Abisko Dag 6  - 05.jpg\"><img loading=\"lazy\" decoding=\"async\" src=\"https:\/\/www.parnes.com\/blog\/Abisko Dag 6  - 05-tm.jpg\" width=\"500\" height=\"666\" alt=\"Abisko Dag 6  - 05.jpg\" \/><\/a> <a href=\"https:\/\/www.parnes.com\/blog\/Abisko Dag 6  - 06.jpg\"><img loading=\"lazy\" decoding=\"async\" src=\"https:\/\/www.parnes.com\/blog\/Abisko Dag 6  - 06-tm.jpg\" width=\"500\" height=\"666\" alt=\"Abisko Dag 6  - 06.jpg\" \/><\/a> <a href=\"https:\/\/www.parnes.com\/blog\/Abisko Dag 6  - 07.jpg\"><img loading=\"lazy\" decoding=\"async\" src=\"https:\/\/www.parnes.com\/blog\/Abisko Dag 6  - 07-tm.jpg\" width=\"500\" height=\"375\" alt=\"Abisko Dag 6  - 07.jpg\" \/><\/a> <a href=\"https:\/\/www.parnes.com\/blog\/Abisko Dag 6  - 08.jpg\"><img loading=\"lazy\" decoding=\"async\" src=\"https:\/\/www.parnes.com\/blog\/Abisko Dag 6  - 08-tm.jpg\" width=\"500\" height=\"666\" alt=\"Abisko Dag 6  - 08.jpg\" \/><\/a> <a href=\"https:\/\/www.parnes.com\/blog\/Abisko Dag 6  - 09.jpg\"><img loading=\"lazy\" decoding=\"async\" src=\"https:\/\/www.parnes.com\/blog\/Abisko Dag 6  - 09-tm.jpg\" width=\"500\" height=\"375\" alt=\"Abisko Dag 6  - 09.jpg\" \/><\/a> <a href=\"https:\/\/www.parnes.com\/blog\/Abisko Dag 6  - 10.jpg\"><img loading=\"lazy\" decoding=\"async\" src=\"https:\/\/www.parnes.com\/blog\/Abisko Dag 6  - 10-tm.jpg\" width=\"500\" height=\"375\" alt=\"Abisko Dag 6  - 10.jpg\" \/><\/a> <a href=\"https:\/\/www.parnes.com\/blog\/Abisko Dag 6  - 11.jpg\"><img loading=\"lazy\" decoding=\"async\" src=\"https:\/\/www.parnes.com\/blog\/Abisko Dag 6  - 11-tm.jpg\" width=\"500\" height=\"375\" alt=\"Abisko Dag 6  - 11.jpg\" \/><\/a> <a href=\"https:\/\/www.parnes.com\/blog\/Abisko Dag 6  - 12.jpg\"><img loading=\"lazy\" decoding=\"async\" src=\"https:\/\/www.parnes.com\/blog\/Abisko Dag 6  - 12-tm.jpg\" width=\"500\" height=\"375\" alt=\"Abisko Dag 6  - 12.jpg\" \/><\/a> <a href=\"https:\/\/www.parnes.com\/blog\/Abisko Dag 6  - 13.jpg\"><img loading=\"lazy\" decoding=\"async\" src=\"https:\/\/www.parnes.com\/blog\/Abisko Dag 6  - 13-tm.jpg\" width=\"500\" height=\"375\" alt=\"Abisko Dag 6  - 13.jpg\" \/><\/a> <a href=\"https:\/\/www.parnes.com\/blog\/Abisko Dag 6  - 14.jpg\"><img loading=\"lazy\" decoding=\"async\" src=\"https:\/\/www.parnes.com\/blog\/Abisko Dag 6  - 14-tm.jpg\" width=\"500\" height=\"375\" alt=\"Abisko Dag 6  - 14.jpg\" \/><\/a><\/p>\n","protected":false},"excerpt":{"rendered":"<p>H\u00e4r kommer \u00e4nnu lite fler utlovade bilder fr\u00e5n v\u00e5r f\u00f6rra Abisko resa &#8211; dag 6, mars 2009.<\/p>\n","protected":false},"author":1,"featured_media":0,"comment_status":"open","ping_status":"open","sticky":false,"template":"","format":"standard","meta":{"footnotes":""},"categories":[3],"tags":[146,153,147],"class_list":["post-1807","post","type-post","status-publish","format-standard","hentry","category-travel","tag-abisko","tag-jag","tag-ute"],"_links":{"self":[{"href":"https:\/\/www.parnes.com\/blog\/index.php\/wp-json\/wp\/v2\/posts\/1807","targetHints":{"allow":["GET"]}}],"collection":[{"href":"https:\/\/www.parnes.com\/blog\/index.php\/wp-json\/wp\/v2\/posts"}],"about":[{"href":"https:\/\/www.parnes.com\/blog\/index.php\/wp-json\/wp\/v2\/types\/post"}],"author":[{"embeddable":true,"href":"https:\/\/www.parnes.com\/blog\/index.php\/wp-json\/wp\/v2\/users\/1"}],"replies":[{"embeddable":true,"href":"https:\/\/www.parnes.com\/blog\/index.php\/wp-json\/wp\/v2\/comments?post=1807"}],"version-history":[{"count":0,"href":"https:\/\/www.parnes.com\/blog\/index.php\/wp-json\/wp\/v2\/posts\/1807\/revisions"}],"wp:attachment":[{"href":"https:\/\/www.parnes.com\/blog\/index.php\/wp-json\/wp\/v2\/media?parent=1807"}],"wp:term":[{"taxonomy":"category","embeddable":true,"href":"https:\/\/www.parnes.com\/blog\/index.php\/wp-json\/wp\/v2\/categories?post=1807"},{"taxonomy":"post_tag","embeddable":true,"href":"https:\/\/www.parnes.com\/blog\/index.php\/wp-json\/wp\/v2\/tags?post=1807"}],"curies":[{"name":"wp","href":"https:\/\/api.w.org\/{rel}","templated":true}]}}