{"id":1788,"date":"2009-03-25T17:43:28","date_gmt":"2009-03-25T17:43:28","guid":{"rendered":"http:\/\/www.parnes.com\/wordpress\/index.php\/2009\/03\/25\/bisam\/"},"modified":"2009-03-25T17:43:28","modified_gmt":"2009-03-25T17:43:28","slug":"bisam","status":"publish","type":"post","link":"https:\/\/www.parnes.com\/blog\/index.php\/2009\/03\/25\/bisam\/","title":{"rendered":"Bisam"},"content":{"rendered":"<p>En kul sak uppe hos oss \u00e4r att vi har <a href=\"http:\/\/sv.wikipedia.org\/wiki\/Bisam\">bisam<\/a> och p\u00e5 vintern bygger de \u00f6vervintringshyddor. Runt Pors\u00f6berget finns det ett g\u00e4ng av dessa h\u00f6gar och h\u00e4r \u00e4r ett par bilder som jag tog idag.<\/p>\n<p style=\"text-align: center;\">\n<a href=\"https:\/\/www.parnes.com\/blog\/090325-bisam - 1.jpg\"><img loading=\"lazy\" decoding=\"async\" src=\"https:\/\/www.parnes.com\/blog\/090325-bisam - 1-tm.jpg\" width=\"500\" height=\"375\" alt=\"090325-bisam - 1.jpg\" \/><\/a> <a href=\"https:\/\/www.parnes.com\/blog\/090325-bisam - 2.jpg\"><img loading=\"lazy\" decoding=\"async\" src=\"https:\/\/www.parnes.com\/blog\/090325-bisam - 2-tm.jpg\" width=\"500\" height=\"375\" alt=\"090325-bisam - 2.jpg\" \/><\/a> <a href=\"https:\/\/www.parnes.com\/blog\/090325-bisam - 3.jpg\"><img loading=\"lazy\" decoding=\"async\" src=\"https:\/\/www.parnes.com\/blog\/090325-bisam - 3-tm.jpg\" width=\"500\" height=\"375\" alt=\"090325-bisam - 3.jpg\" \/><\/a> <a href=\"https:\/\/www.parnes.com\/blog\/090325-bisam - 4.jpg\"><img loading=\"lazy\" decoding=\"async\" src=\"https:\/\/www.parnes.com\/blog\/090325-bisam - 4-tm.jpg\" width=\"500\" height=\"375\" alt=\"090325-bisam - 4.jpg\" \/><\/a> <a href=\"https:\/\/www.parnes.com\/blog\/090325-bisam - 5.jpg\"><img loading=\"lazy\" decoding=\"async\" src=\"https:\/\/www.parnes.com\/blog\/090325-bisam - 5-tm.jpg\" width=\"500\" height=\"375\" alt=\"090325-bisam - 5.jpg\" \/><\/a> <a href=\"https:\/\/www.parnes.com\/blog\/090325-bisam - 6.jpg\"><img loading=\"lazy\" decoding=\"async\" src=\"https:\/\/www.parnes.com\/blog\/090325-bisam - 6-tm.jpg\" width=\"500\" height=\"375\" alt=\"090325-bisam - 6.jpg\" \/><\/a> <a href=\"https:\/\/www.parnes.com\/blog\/090325-bisam - 7.jpg\"><img loading=\"lazy\" decoding=\"async\" src=\"https:\/\/www.parnes.com\/blog\/090325-bisam - 7-tm.jpg\" width=\"500\" height=\"375\" alt=\"090325-bisam - 7.jpg\" \/><\/a><\/p>\n","protected":false},"excerpt":{"rendered":"<p>En kul sak uppe hos oss \u00e4r att vi har bisam och p\u00e5 vintern bygger de \u00f6vervintringshyddor. Runt Pors\u00f6berget finns det ett g\u00e4ng av dessa h\u00f6gar och h\u00e4r \u00e4r ett par bilder som jag tog idag.<\/p>\n","protected":false},"author":1,"featured_media":0,"comment_status":"open","ping_status":"open","sticky":false,"template":"","format":"standard","meta":{"footnotes":""},"categories":[4],"tags":[147],"class_list":["post-1788","post","type-post","status-publish","format-standard","hentry","category-drpeppar","tag-ute"],"_links":{"self":[{"href":"https:\/\/www.parnes.com\/blog\/index.php\/wp-json\/wp\/v2\/posts\/1788","targetHints":{"allow":["GET"]}}],"collection":[{"href":"https:\/\/www.parnes.com\/blog\/index.php\/wp-json\/wp\/v2\/posts"}],"about":[{"href":"https:\/\/www.parnes.com\/blog\/index.php\/wp-json\/wp\/v2\/types\/post"}],"author":[{"embeddable":true,"href":"https:\/\/www.parnes.com\/blog\/index.php\/wp-json\/wp\/v2\/users\/1"}],"replies":[{"embeddable":true,"href":"https:\/\/www.parnes.com\/blog\/index.php\/wp-json\/wp\/v2\/comments?post=1788"}],"version-history":[{"count":0,"href":"https:\/\/www.parnes.com\/blog\/index.php\/wp-json\/wp\/v2\/posts\/1788\/revisions"}],"wp:attachment":[{"href":"https:\/\/www.parnes.com\/blog\/index.php\/wp-json\/wp\/v2\/media?parent=1788"}],"wp:term":[{"taxonomy":"category","embeddable":true,"href":"https:\/\/www.parnes.com\/blog\/index.php\/wp-json\/wp\/v2\/categories?post=1788"},{"taxonomy":"post_tag","embeddable":true,"href":"https:\/\/www.parnes.com\/blog\/index.php\/wp-json\/wp\/v2\/tags?post=1788"}],"curies":[{"name":"wp","href":"https:\/\/api.w.org\/{rel}","templated":true}]}}