{"id":1013,"date":"2006-09-19T21:35:35","date_gmt":"2006-09-19T21:35:35","guid":{"rendered":"http:\/\/www.parnes.com\/wordpress\/index.php\/2006\/09\/19\/hej_allesammans\/"},"modified":"2006-09-19T21:35:35","modified_gmt":"2006-09-19T21:35:35","slug":"hej_allesammans","status":"publish","type":"post","link":"https:\/\/www.parnes.com\/blog\/index.php\/2006\/09\/19\/hej_allesammans\/","title":{"rendered":"hej allesammans"},"content":{"rendered":"<p>nu \u00e4r jag i stockholm efter tv\u00e5 dagar i k\u00f6penhamn. f\u00f6rsta dagen var inte s\u00e5 intressant men den andra (idag) desto intressantare. trevligt.<br \/>\nk\u00e4nner mig ovanligt peppad och harmonisk. vi hade m\u00e5nga intressanta diskussioner som t.ex. n\u00e4r \u00e4r folk som mest kreativa? tydligen s\u00e4ger forskning att missn\u00f6jda personer \u00e4r mer kreativa \u00e4n n\u00f6jda och glada m\u00e4nniskor. s\u00e5 kanske det \u00e4r&#8230;.<br \/>\nhade en mycket trevlig middag med pappa ig\u00e5r d\u00e4r jag tog ut honom p\u00e5 middag p\u00e5 min senaste restaurangfavorit i k\u00f6penhamn, Sweet Basil vid kungens torg. vi f\u00f6rs\u00f6kte oss ocks\u00e5 p\u00e5 lite geocaching men det visade sig ganska sv\u00e5rt n\u00e4r det var m\u00f6rkt.<br \/>\nimorgon blir det inspirationsdag och p\u00e5 torsdag heldag p\u00e5 vinnova f\u00f6ljt av projektarbete.<br \/>\nskall bli sk\u00f6nt att vila lite&#8230; inte f\u00f6r att jag \u00e4r tr\u00f6tt men \u00e4nd\u00e5. harmonisk som sagt. tur det f\u00f6r jag missade at\u00e5get nyss med 30sekunder pga det dumma ica-eurocard inte accepterades i automaten.<br \/>\nha de!<\/p>\n","protected":false},"excerpt":{"rendered":"<p>nu \u00e4r jag i stockholm efter tv\u00e5 dagar i k\u00f6penhamn. f\u00f6rsta dagen var inte s\u00e5 intressant men den andra (idag) desto intressantare. trevligt. k\u00e4nner mig ovanligt peppad och harmonisk. vi hade m\u00e5nga intressanta diskussioner som t.ex. n\u00e4r \u00e4r folk som mest kreativa? tydligen s\u00e4ger forskning att missn\u00f6jda personer \u00e4r mer kreativa \u00e4n n\u00f6jda och glada &hellip; <a href=\"https:\/\/www.parnes.com\/blog\/index.php\/2006\/09\/19\/hej_allesammans\/\" class=\"more-link\">Continue reading <span class=\"screen-reader-text\">hej allesammans<\/span> <span class=\"meta-nav\">&rarr;<\/span><\/a><\/p>\n","protected":false},"author":1,"featured_media":0,"comment_status":"open","ping_status":"closed","sticky":false,"template":"","format":"standard","meta":{"footnotes":""},"categories":[4],"tags":[],"class_list":["post-1013","post","type-post","status-publish","format-standard","hentry","category-drpeppar"],"_links":{"self":[{"href":"https:\/\/www.parnes.com\/blog\/index.php\/wp-json\/wp\/v2\/posts\/1013","targetHints":{"allow":["GET"]}}],"collection":[{"href":"https:\/\/www.parnes.com\/blog\/index.php\/wp-json\/wp\/v2\/posts"}],"about":[{"href":"https:\/\/www.parnes.com\/blog\/index.php\/wp-json\/wp\/v2\/types\/post"}],"author":[{"embeddable":true,"href":"https:\/\/www.parnes.com\/blog\/index.php\/wp-json\/wp\/v2\/users\/1"}],"replies":[{"embeddable":true,"href":"https:\/\/www.parnes.com\/blog\/index.php\/wp-json\/wp\/v2\/comments?post=1013"}],"version-history":[{"count":0,"href":"https:\/\/www.parnes.com\/blog\/index.php\/wp-json\/wp\/v2\/posts\/1013\/revisions"}],"wp:attachment":[{"href":"https:\/\/www.parnes.com\/blog\/index.php\/wp-json\/wp\/v2\/media?parent=1013"}],"wp:term":[{"taxonomy":"category","embeddable":true,"href":"https:\/\/www.parnes.com\/blog\/index.php\/wp-json\/wp\/v2\/categories?post=1013"},{"taxonomy":"post_tag","embeddable":true,"href":"https:\/\/www.parnes.com\/blog\/index.php\/wp-json\/wp\/v2\/tags?post=1013"}],"curies":[{"name":"wp","href":"https:\/\/api.w.org\/{rel}","templated":true}]}}